{"id":22116,"count":1,"description":"","link":"https:\/\/tucomarca.whitekongsoftware.com\/ca\/tag\/programa-valencia-es-musica-ca\/","name":"programa \u2018Val\u00e8ncia \u00e9s M\u00fasica\u2019","slug":"programa-valencia-es-musica-ca","taxonomy":"post_tag","meta":[],"_links":{"self":[{"href":"https:\/\/tucomarca.whitekongsoftware.com\/ca\/wp-json\/wp\/v2\/tags\/22116","targetHints":{"allow":["GET"]}}],"collection":[{"href":"https:\/\/tucomarca.whitekongsoftware.com\/ca\/wp-json\/wp\/v2\/tags"}],"about":[{"href":"https:\/\/tucomarca.whitekongsoftware.com\/ca\/wp-json\/wp\/v2\/taxonomies\/post_tag"}],"wp:post_type":[{"href":"https:\/\/tucomarca.whitekongsoftware.com\/ca\/wp-json\/wp\/v2\/posts?tags=22116"}],"curies":[{"name":"wp","href":"https:\/\/api.w.org\/{rel}","templated":true}]}}