{"id":21373,"count":1,"description":"","link":"https:\/\/tucomarca.whitekongsoftware.com\/ca\/tag\/deu-tambe-parla-valencia-ca\/","name":"D\u00e9u tamb\u00e9 parla valenci\u00e0","slug":"deu-tambe-parla-valencia-ca","taxonomy":"post_tag","meta":[],"_links":{"self":[{"href":"https:\/\/tucomarca.whitekongsoftware.com\/ca\/wp-json\/wp\/v2\/tags\/21373","targetHints":{"allow":["GET"]}}],"collection":[{"href":"https:\/\/tucomarca.whitekongsoftware.com\/ca\/wp-json\/wp\/v2\/tags"}],"about":[{"href":"https:\/\/tucomarca.whitekongsoftware.com\/ca\/wp-json\/wp\/v2\/taxonomies\/post_tag"}],"wp:post_type":[{"href":"https:\/\/tucomarca.whitekongsoftware.com\/ca\/wp-json\/wp\/v2\/posts?tags=21373"}],"curies":[{"name":"wp","href":"https:\/\/api.w.org\/{rel}","templated":true}]}}