{"id":18262,"count":1,"description":"","link":"https:\/\/tucomarca.whitekongsoftware.com\/ca\/tag\/la-concejalia-de-cultura-del-ayuntamiento-de-bunol-organiza-el-i-festival-coral-villa-de-bunol-este-domingo-en-el-palacio-de-la-musica-ca\/","name":"La concejal\u00eda de Cultura del Ayuntamiento de Bu\u00f1ol organiza el I Festival Coral Villa de Bu\u00f1ol este domingo en el Palacio de la M\u00fasica","slug":"la-concejalia-de-cultura-del-ayuntamiento-de-bunol-organiza-el-i-festival-coral-villa-de-bunol-este-domingo-en-el-palacio-de-la-musica-ca","taxonomy":"post_tag","meta":[],"_links":{"self":[{"href":"https:\/\/tucomarca.whitekongsoftware.com\/ca\/wp-json\/wp\/v2\/tags\/18262","targetHints":{"allow":["GET"]}}],"collection":[{"href":"https:\/\/tucomarca.whitekongsoftware.com\/ca\/wp-json\/wp\/v2\/tags"}],"about":[{"href":"https:\/\/tucomarca.whitekongsoftware.com\/ca\/wp-json\/wp\/v2\/taxonomies\/post_tag"}],"wp:post_type":[{"href":"https:\/\/tucomarca.whitekongsoftware.com\/ca\/wp-json\/wp\/v2\/posts?tags=18262"}],"curies":[{"name":"wp","href":"https:\/\/api.w.org\/{rel}","templated":true}]}}