{"id":16208,"count":1,"description":"","link":"https:\/\/tucomarca.whitekongsoftware.com\/ca\/tag\/asociacion-cultural-es-pais-valencia-ca\/","name":"Asociaci\u00f3n Cultural \u00c9s Pa\u00eds Valenci\u00e0","slug":"asociacion-cultural-es-pais-valencia-ca","taxonomy":"post_tag","meta":[],"_links":{"self":[{"href":"https:\/\/tucomarca.whitekongsoftware.com\/ca\/wp-json\/wp\/v2\/tags\/16208","targetHints":{"allow":["GET"]}}],"collection":[{"href":"https:\/\/tucomarca.whitekongsoftware.com\/ca\/wp-json\/wp\/v2\/tags"}],"about":[{"href":"https:\/\/tucomarca.whitekongsoftware.com\/ca\/wp-json\/wp\/v2\/taxonomies\/post_tag"}],"wp:post_type":[{"href":"https:\/\/tucomarca.whitekongsoftware.com\/ca\/wp-json\/wp\/v2\/posts?tags=16208"}],"curies":[{"name":"wp","href":"https:\/\/api.w.org\/{rel}","templated":true}]}}