{"id":99866,"date":"2020-02-18T21:06:33","date_gmt":"2020-02-18T19:06:33","guid":{"rendered":"http:\/\/www.tucomarca.com\/wordpress\/segunda\/?p=99866"},"modified":"2020-02-18T21:08:04","modified_gmt":"2020-02-18T19:08:04","slug":"vicente-galarza-i-jaume-ballester-pugen-al-mes-alt-del-calaix-en-la-primera-prova-de-la-copa-despanya-denduro-infantil","status":"publish","type":"post","link":"https:\/\/tucomarca.whitekongsoftware.com\/ca\/vicente-galarza-i-jaume-ballester-pugen-al-mes-alt-del-calaix-en-la-primera-prova-de-la-copa-despanya-denduro-infantil\/","title":{"rendered":"Vicente Galarza i Jaume Ballester pugen al m\u00e9s alt del calaix en la primera prova de la Copa d&#8217;Espanya d&#8217;Enduro Infantil"},"content":{"rendered":"\n<figure class=\"wp-block-image\"><img loading=\"lazy\" decoding=\"async\" width=\"1024\" height=\"768\" src=\"http:\/\/www.tucomarca.com\/wordpress\/segunda\/wp-content\/uploads\/2020\/02\/JaumeMCBunol-1024x768.jpg\" alt=\"\" class=\"wp-image-99859\" srcset=\"https:\/\/tucomarca.whitekongsoftware.com\/wp-content\/uploads\/2020\/02\/JaumeMCBunol-1024x768.jpg 1024w, https:\/\/tucomarca.whitekongsoftware.com\/wp-content\/uploads\/2020\/02\/JaumeMCBunol-300x225.jpg 300w, https:\/\/tucomarca.whitekongsoftware.com\/wp-content\/uploads\/2020\/02\/JaumeMCBunol-768x576.jpg 768w, https:\/\/tucomarca.whitekongsoftware.com\/wp-content\/uploads\/2020\/02\/JaumeMCBunol-678x509.jpg 678w, https:\/\/tucomarca.whitekongsoftware.com\/wp-content\/uploads\/2020\/02\/JaumeMCBunol-326x245.jpg 326w, https:\/\/tucomarca.whitekongsoftware.com\/wp-content\/uploads\/2020\/02\/JaumeMCBunol-80x60.jpg 80w, https:\/\/tucomarca.whitekongsoftware.com\/wp-content\/uploads\/2020\/02\/JaumeMCBunol.jpg 1600w\" sizes=\"auto, (max-width: 1024px) 100vw, 1024px\" \/><\/figure>\n\n\n\n<figure class=\"wp-block-image\"><img loading=\"lazy\" decoding=\"async\" width=\"1024\" height=\"768\" src=\"http:\/\/www.tucomarca.com\/wordpress\/segunda\/wp-content\/uploads\/2020\/02\/VinMCBunol-1024x768.jpg\" alt=\"\" class=\"wp-image-99863\" srcset=\"https:\/\/tucomarca.whitekongsoftware.com\/wp-content\/uploads\/2020\/02\/VinMCBunol-1024x768.jpg 1024w, https:\/\/tucomarca.whitekongsoftware.com\/wp-content\/uploads\/2020\/02\/VinMCBunol-300x225.jpg 300w, https:\/\/tucomarca.whitekongsoftware.com\/wp-content\/uploads\/2020\/02\/VinMCBunol-768x576.jpg 768w, https:\/\/tucomarca.whitekongsoftware.com\/wp-content\/uploads\/2020\/02\/VinMCBunol-678x509.jpg 678w, https:\/\/tucomarca.whitekongsoftware.com\/wp-content\/uploads\/2020\/02\/VinMCBunol-326x245.jpg 326w, https:\/\/tucomarca.whitekongsoftware.com\/wp-content\/uploads\/2020\/02\/VinMCBunol-80x60.jpg 80w, https:\/\/tucomarca.whitekongsoftware.com\/wp-content\/uploads\/2020\/02\/VinMCBunol.jpg 1600w\" sizes=\"auto, (max-width: 1024px) 100vw, 1024px\" \/><\/figure>\n\n\n\n<p class=\"wp-block-paragraph\">Aquest diumenge passat, 16 de febrer, es va celebrar al magn\u00edfic tra\u00e7at de la Pesquera (Conca) la primera prova de la Copa d&#8217;Espanya d&#8217;Enduro Infantil on els pilots de l&#8217;MC Bunyol en les categories de 65 cc, Vicente Galarza, i en 85 cc, Jaume Ballester, van ser els guanyadors d&#8217;aquesta dura prova per a aquests petits-grans pilots de tan sols 11 i 12 anys respectivament.<\/p>\n\n\n\n<p class=\"wp-block-paragraph\">El cap de setmana va ser fant\u00e0stic respecte a una climatologia que va acompanyar a tots dos pilots; i pel que fa al competitiu les lluites per liderar aquest campionat des de la sortida van posar tota la carn a la graella com vulgarment es diu a el donar un ritme imparable.<\/p>\n\n\n\n<p class=\"wp-block-paragraph\">I amb la t\u00e8cnica que aquests grans pilots tenen, van saber resistir lluitant per aconseguir aquest primer triomf de la Copa d&#8217;Espanya d&#8217;Enduro Infantil davant la resta de pilots de diferents parts d&#8217;Espanya.<\/p>\n\n\n\n<p class=\"wp-block-paragraph\">Esperem que segueixin amb aquest alt nivell i aconseguir m\u00e9s vict\u00f2ries per aconseguir tenir un Campi\u00f3 Nacional en el Moto Club Bunyol. Informa, Elio Zan\u00f3n.<\/p>\n","protected":false},"excerpt":{"rendered":"<div class=\"mh-excerpt\">Aquest diumenge passat, 16 de febrer, es va celebrar al magn\u00edfic tra\u00e7at de la Pesquera (Conca) la primera prova de la Copa d&#8217;Espanya d&#8217;Enduro Infantil on els pilots de l&#8217;MC Bunyol en les categories de <a class=\"mh-excerpt-more\" href=\"https:\/\/tucomarca.whitekongsoftware.com\/ca\/vicente-galarza-i-jaume-ballester-pugen-al-mes-alt-del-calaix-en-la-primera-prova-de-la-copa-despanya-denduro-infantil\/\" title=\"Vicente Galarza i Jaume Ballester pugen al m\u00e9s alt del calaix en la primera prova de la Copa d&#8217;Espanya d&#8217;Enduro Infantil\">[+] <\/a><\/div>\n","protected":false},"author":1,"featured_media":99862,"comment_status":"open","ping_status":"open","sticky":false,"template":"","format":"standard","meta":{"footnotes":""},"categories":[10911,11003,10912,11011,10896],"tags":[10379,10661],"class_list":["post-99866","post","type-post","status-publish","format-standard","has-post-thumbnail","category-bunol-ca","category-sports","category-la-hoya-ca","category-motociclismo-ca","category-seccion-ca","tag-deportes","tag-esports"],"_links":{"self":[{"href":"https:\/\/tucomarca.whitekongsoftware.com\/ca\/wp-json\/wp\/v2\/posts\/99866","targetHints":{"allow":["GET"]}}],"collection":[{"href":"https:\/\/tucomarca.whitekongsoftware.com\/ca\/wp-json\/wp\/v2\/posts"}],"about":[{"href":"https:\/\/tucomarca.whitekongsoftware.com\/ca\/wp-json\/wp\/v2\/types\/post"}],"author":[{"embeddable":true,"href":"https:\/\/tucomarca.whitekongsoftware.com\/ca\/wp-json\/wp\/v2\/users\/1"}],"replies":[{"embeddable":true,"href":"https:\/\/tucomarca.whitekongsoftware.com\/ca\/wp-json\/wp\/v2\/comments?post=99866"}],"version-history":[{"count":0,"href":"https:\/\/tucomarca.whitekongsoftware.com\/ca\/wp-json\/wp\/v2\/posts\/99866\/revisions"}],"wp:featuredmedia":[{"embeddable":true,"href":"https:\/\/tucomarca.whitekongsoftware.com\/ca\/wp-json\/wp\/v2\/media\/99862"}],"wp:attachment":[{"href":"https:\/\/tucomarca.whitekongsoftware.com\/ca\/wp-json\/wp\/v2\/media?parent=99866"}],"wp:term":[{"taxonomy":"category","embeddable":true,"href":"https:\/\/tucomarca.whitekongsoftware.com\/ca\/wp-json\/wp\/v2\/categories?post=99866"},{"taxonomy":"post_tag","embeddable":true,"href":"https:\/\/tucomarca.whitekongsoftware.com\/ca\/wp-json\/wp\/v2\/tags?post=99866"}],"curies":[{"name":"wp","href":"https:\/\/api.w.org\/{rel}","templated":true}]}}