{"id":99684,"date":"2020-02-14T21:39:55","date_gmt":"2020-02-14T19:39:55","guid":{"rendered":"http:\/\/www.tucomarca.com\/wordpress\/segunda\/?p=99684"},"modified":"2020-02-14T21:40:02","modified_gmt":"2020-02-14T19:40:02","slug":"la-pobla-de-vallbona-demana-un-nou-institut-dins-el-pla-edificant","status":"publish","type":"post","link":"https:\/\/tucomarca.whitekongsoftware.com\/ca\/la-pobla-de-vallbona-demana-un-nou-institut-dins-el-pla-edificant\/","title":{"rendered":"La Pobla de Vallbona demana un nou institut dins el Pla Edificant"},"content":{"rendered":"\n<figure class=\"wp-block-image\"><img loading=\"lazy\" decoding=\"async\" width=\"1024\" height=\"576\" src=\"http:\/\/www.tucomarca.com\/wordpress\/segunda\/wp-content\/uploads\/2020\/02\/PoblaIESVereda-1024x576.jpg\" alt=\"\" class=\"wp-image-99679\" srcset=\"https:\/\/tucomarca.whitekongsoftware.com\/wp-content\/uploads\/2020\/02\/PoblaIESVereda-1024x576.jpg 1024w, https:\/\/tucomarca.whitekongsoftware.com\/wp-content\/uploads\/2020\/02\/PoblaIESVereda-300x169.jpg 300w, https:\/\/tucomarca.whitekongsoftware.com\/wp-content\/uploads\/2020\/02\/PoblaIESVereda-768x432.jpg 768w, https:\/\/tucomarca.whitekongsoftware.com\/wp-content\/uploads\/2020\/02\/PoblaIESVereda-678x381.jpg 678w\" sizes=\"auto, (max-width: 1024px) 100vw, 1024px\" \/><\/figure>\n\n\n\n<p class=\"wp-block-paragraph\">El ple de l\u2019Ajuntament de la Pobla de Vallbona aprova per unanimitat incloure la sol\u00b7licitud d\u2019un segon Institut dins el Pla Edificant. Amb esta mesura es busca incorporar la construcci\u00f3 del nou centre dins el programa de la Conselleria d\u2019Educaci\u00f3, el que permetr\u00e0 guanyar temps a l\u2019hora d\u2019aconseguir fer realitat l\u2019institut.<\/p>\n\n\n\n<p class=\"wp-block-paragraph\">La Pobla compta en l\u2019actualitat amb un sol institut que acull prop de 1.200 alumnes quan va ser dissenyat per a un m\u00e0xim de 400. En els darrers anys, el centre ha crescut en un centenar d\u2019alumnes cada curs i la previsi\u00f3 \u00e9s que continue aix\u00ed en els pr\u00f2xims anys.<\/p>\n\n\n\n<p class=\"wp-block-paragraph\">La necessitat d\u2019un nou institut compta ja amb l\u2019aprovaci\u00f3 del servei de Planificaci\u00f3 Educativa de la Conselleria d\u2019Educaci\u00f3 per a la posada en marxa de 16 unitats d\u2019ESO i 8 unitats de Batxillerat. Quedaria pendent l\u2019aprovaci\u00f3 dels cicles formatius que es posaran en marxa en este centre. Tot i aix\u00f2 l\u2019Ajuntament ha decidit sol\u00b7licitar ja la inclusi\u00f3 en el Pla Edificant, el que permetr\u00e0 que siga el consistori qui constru\u00efsca el centre de manera directa i de manera m\u00e9s r\u00e0pida.<\/p>\n\n\n\n<p class=\"wp-block-paragraph\">Amb l\u2019aprovaci\u00f3 del plenari de la inclusi\u00f3 en el Pla Edificant, cal esperar que el servei de Planificaci\u00f3 Educativa trasllade de manera oficial l\u2019acceptaci\u00f3 de la necessitat de l\u2019institut per poder iniciar el projecte del nou centre.<\/p>\n\n\n\n<p class=\"wp-block-paragraph\">L\u2019ajuntament estudia diferents ubicacions per al nou institut que ocuparia una superf\u00edcie m\u00e0xima de 20.000 metres quadrats entre el centre, accessos i urbanitzaci\u00f3 vi\u00e0ria i permetr\u00e0 la posada en marxa de 4 l\u00ednies d\u2019ESO i 2 de Batxillerat i reservar\u00e0 espai per als cicles formatius que autoritze la Conselleria d\u2019Educaci\u00f3.<br><\/p>\n","protected":false},"excerpt":{"rendered":"<div class=\"mh-excerpt\">El ple de l\u2019Ajuntament de la Pobla de Vallbona aprova per unanimitat incloure la sol\u00b7licitud d\u2019un segon Institut dins el Pla Edificant. Amb esta mesura es busca incorporar la construcci\u00f3 del nou centre dins el <a class=\"mh-excerpt-more\" href=\"https:\/\/tucomarca.whitekongsoftware.com\/ca\/la-pobla-de-vallbona-demana-un-nou-institut-dins-el-pla-edificant\/\" title=\"La Pobla de Vallbona demana un nou institut dins el Pla Edificant\">[+] <\/a><\/div>\n","protected":false},"author":1,"featured_media":99682,"comment_status":"open","ping_status":"open","sticky":false,"template":"","format":"standard","meta":{"footnotes":""},"categories":[10892,10948,10894,10915,10947,10896],"tags":[10899],"class_list":["post-99684","post","type-post","status-publish","format-standard","has-post-thumbnail","category-camp-de-turia-ca","category-infraestructuras-ca","category-la-comarca-ca","category-la-pobla-ca","category-politica","category-seccion-ca","tag-camp-de-turia-ca"],"_links":{"self":[{"href":"https:\/\/tucomarca.whitekongsoftware.com\/ca\/wp-json\/wp\/v2\/posts\/99684","targetHints":{"allow":["GET"]}}],"collection":[{"href":"https:\/\/tucomarca.whitekongsoftware.com\/ca\/wp-json\/wp\/v2\/posts"}],"about":[{"href":"https:\/\/tucomarca.whitekongsoftware.com\/ca\/wp-json\/wp\/v2\/types\/post"}],"author":[{"embeddable":true,"href":"https:\/\/tucomarca.whitekongsoftware.com\/ca\/wp-json\/wp\/v2\/users\/1"}],"replies":[{"embeddable":true,"href":"https:\/\/tucomarca.whitekongsoftware.com\/ca\/wp-json\/wp\/v2\/comments?post=99684"}],"version-history":[{"count":0,"href":"https:\/\/tucomarca.whitekongsoftware.com\/ca\/wp-json\/wp\/v2\/posts\/99684\/revisions"}],"wp:featuredmedia":[{"embeddable":true,"href":"https:\/\/tucomarca.whitekongsoftware.com\/ca\/wp-json\/wp\/v2\/media\/99682"}],"wp:attachment":[{"href":"https:\/\/tucomarca.whitekongsoftware.com\/ca\/wp-json\/wp\/v2\/media?parent=99684"}],"wp:term":[{"taxonomy":"category","embeddable":true,"href":"https:\/\/tucomarca.whitekongsoftware.com\/ca\/wp-json\/wp\/v2\/categories?post=99684"},{"taxonomy":"post_tag","embeddable":true,"href":"https:\/\/tucomarca.whitekongsoftware.com\/ca\/wp-json\/wp\/v2\/tags?post=99684"}],"curies":[{"name":"wp","href":"https:\/\/api.w.org\/{rel}","templated":true}]}}