{"id":99671,"date":"2020-02-14T21:28:33","date_gmt":"2020-02-14T19:28:33","guid":{"rendered":"http:\/\/www.tucomarca.com\/wordpress\/segunda\/?p=99671"},"modified":"2020-02-14T21:28:43","modified_gmt":"2020-02-14T19:28:43","slug":"la-diputacio-de-valencia-presenta-la-serie-documental-valencia-es-musica","status":"publish","type":"post","link":"https:\/\/tucomarca.whitekongsoftware.com\/ca\/la-diputacio-de-valencia-presenta-la-serie-documental-valencia-es-musica\/","title":{"rendered":"La Diputaci\u00f3 de Val\u00e8ncia presenta la s\u00e8rie documental \u2018Val\u00e8ncia \u00e9s M\u00fasica\u2019"},"content":{"rendered":"\n<p class=\"wp-block-paragraph\">El diputat de Bandes de M\u00fasica de la Diputaci\u00f3 de Val\u00e8ncia, Jordi Mayor, ha presentat en Benimaclet la s\u00e8rie audiovisual \u2018Val\u00e8ncia \u00e9s M\u00fasica\u2019, un projecte que, utilitzant les \u00faltimes tecnologies, mostra l&#8217;impacte de les bandes de m\u00fasica dins de la cultura valenciana i la seua singularitat com a fenomen social.<\/p>\n\n\n\n<p class=\"wp-block-paragraph\">La s\u00e8rie consta de 17 lliuraments dedicats a les agrupacions guanyadores del Certamen de Bandes de la Diputaci\u00f3 de Val\u00e8ncia. La primera d&#8217;elles s&#8217;ocupa de la Banda M\u00fasica Jove de Benimaclet, guanyadora de la Secci\u00f3 Quarta l&#8217;any 2017 i dirigida per Enrique Barrachina, i s&#8217;ha exhibit en la seu de l&#8217;entitat.<\/p>\n\n\n\n<p class=\"wp-block-paragraph\">L&#8217;Associaci\u00f3 M\u00fasica Jove de Benimaclet, creada en 1994, pertany a la Federaci\u00f3 de Societats Musicals de la Comunitat Valenciana, a la Xarxa Espanyola d&#8217;Escoles de M\u00fasica i a la European Modern Music Network. L&#8217;associaci\u00f3 compta amb banda, orquestra i cor, aix\u00ed com amb altres agrupacions de format m\u00e9s redu\u00eft com ara ensembles de saxos, clarinets, percussi\u00f3 o flautes, grups xicotets de m\u00fasica de cambra i combos de jazz.<\/p>\n\n\n\n<p class=\"wp-block-paragraph\">Al llarg d&#8217;esta s\u00e8rie documental, la Diputaci\u00f3 de Val\u00e8ncia visitar\u00e0 els 17 municipis de les agrupacions guanyadores, i oferir\u00e0 diferents produccions que combinen m\u00fasica i fotogrames del patrimoni cultural, art\u00edstic, arquitect\u00f2nic, paisatg\u00edstic, social i etnogr\u00e0fic de les comarques valencianes, amb el prop\u00f2sit de donar a con\u00e9ixer la tradici\u00f3 musical de les bandes de m\u00fasica juntament amb els recursos de major atractiu dels nostres municipis en un producte audiovisual singular.<\/p>\n\n\n\n<p class=\"wp-block-paragraph\">En este sentit, el diputat Jordi Mayor ha posat l&#8217;accent en la seua intenci\u00f3 de \u201cincorporar en edicions futures d&#8217;esta s\u00e8rie documental fotogrames de la gastronomia pr\u00f2pia de cada localitat\u201d.<\/p>\n\n\n\n<p class=\"wp-block-paragraph\">Cada rodatge ha comptat amb l&#8217;assessorament de persones formades en l&#8217;\u00e0mbit musical valenci\u00e0, tractant de mostrar amb rigor l&#8217;impacte cultural i social de les bandes i societats musicals, aix\u00ed com la seua projecci\u00f3 internacional.<br><\/p>\n","protected":false},"excerpt":{"rendered":"<div class=\"mh-excerpt\">El diputat de Bandes de M\u00fasica de la Diputaci\u00f3 de Val\u00e8ncia, Jordi Mayor, ha presentat en Benimaclet la s\u00e8rie audiovisual \u2018Val\u00e8ncia \u00e9s M\u00fasica\u2019, un projecte que, utilitzant les \u00faltimes tecnologies, mostra l&#8217;impacte de les bandes <a class=\"mh-excerpt-more\" href=\"https:\/\/tucomarca.whitekongsoftware.com\/ca\/la-diputacio-de-valencia-presenta-la-serie-documental-valencia-es-musica\/\" title=\"La Diputaci\u00f3 de Val\u00e8ncia presenta la s\u00e8rie documental \u2018Val\u00e8ncia \u00e9s M\u00fasica\u2019\">[+] <\/a><\/div>\n","protected":false},"author":1,"featured_media":99669,"comment_status":"open","ping_status":"open","sticky":false,"template":"","format":"standard","meta":{"footnotes":""},"categories":[11005,10904,11007,10896],"tags":[3677,11246],"class_list":["post-99671","post","type-post","status-publish","format-standard","has-post-thumbnail","category-canal-musica","category-sin-categorizar-ca","category-ocio-y-cultura-ca","category-seccion-ca","tag-diputacio-de-valencia","tag-diputacio-de-valencia-ca"],"_links":{"self":[{"href":"https:\/\/tucomarca.whitekongsoftware.com\/ca\/wp-json\/wp\/v2\/posts\/99671","targetHints":{"allow":["GET"]}}],"collection":[{"href":"https:\/\/tucomarca.whitekongsoftware.com\/ca\/wp-json\/wp\/v2\/posts"}],"about":[{"href":"https:\/\/tucomarca.whitekongsoftware.com\/ca\/wp-json\/wp\/v2\/types\/post"}],"author":[{"embeddable":true,"href":"https:\/\/tucomarca.whitekongsoftware.com\/ca\/wp-json\/wp\/v2\/users\/1"}],"replies":[{"embeddable":true,"href":"https:\/\/tucomarca.whitekongsoftware.com\/ca\/wp-json\/wp\/v2\/comments?post=99671"}],"version-history":[{"count":0,"href":"https:\/\/tucomarca.whitekongsoftware.com\/ca\/wp-json\/wp\/v2\/posts\/99671\/revisions"}],"wp:featuredmedia":[{"embeddable":true,"href":"https:\/\/tucomarca.whitekongsoftware.com\/ca\/wp-json\/wp\/v2\/media\/99669"}],"wp:attachment":[{"href":"https:\/\/tucomarca.whitekongsoftware.com\/ca\/wp-json\/wp\/v2\/media?parent=99671"}],"wp:term":[{"taxonomy":"category","embeddable":true,"href":"https:\/\/tucomarca.whitekongsoftware.com\/ca\/wp-json\/wp\/v2\/categories?post=99671"},{"taxonomy":"post_tag","embeddable":true,"href":"https:\/\/tucomarca.whitekongsoftware.com\/ca\/wp-json\/wp\/v2\/tags?post=99671"}],"curies":[{"name":"wp","href":"https:\/\/api.w.org\/{rel}","templated":true}]}}