{"id":99507,"date":"2020-02-11T15:10:35","date_gmt":"2020-02-11T13:10:35","guid":{"rendered":"http:\/\/www.tucomarca.com\/wordpress\/segunda\/?p=99507"},"modified":"2020-02-11T15:17:52","modified_gmt":"2020-02-11T13:17:52","slug":"utiel-amplia-su-participacion-en-las-iv-jornadas-de-los-platos-de-cuchara","status":"publish","type":"post","link":"https:\/\/tucomarca.whitekongsoftware.com\/ca\/utiel-amplia-su-participacion-en-las-iv-jornadas-de-los-platos-de-cuchara\/","title":{"rendered":"Utiel amplia la seua participaci\u00f3 en les IV Jornades dels Plats de Cullera"},"content":{"rendered":"\n<p class=\"wp-block-paragraph\">Un any m\u00e9s Utiel participa en les Jornades dels Plats de Cullera a trav\u00e9s dels suculents plats tradicionals que oferiran 6 restaurants de la localitat de l&#8217;14 de febrer a l&#8217;1 de mar\u00e7. En concret aquest any s&#8217;adhereixen a aquesta ruta de la cullera a Utiel els restaurants El Chato, Potajero Noi, Asador N\u00e0pols, Alt Tajo, El Tollo i El Carro que faran les del\u00edcies dels comensals amb receptes de sempre com arr\u00f2s mel\u00f3s de orsa, gaspatxo utielano, mongetes amb perdiu o potatge de cigrons entre d&#8217;altres.<\/p>\n\n\n\n<p class=\"wp-block-paragraph\">Als elaborats men\u00fas de cullera, enguany se suma el reclam enotur\u00edstic, ja que els participants d&#8217;aquestes jornades, es portaran un descompte de l&#8217;50% en les visites de diversos cellers de la zona, entre elles Cellers Utielanas, Vora de Estenas i Foia de Cadenes al municipi d&#8217;Utiel.<\/p>\n\n\n\n<p class=\"wp-block-paragraph\"><strong>Els Plats de Cullera guanyen territori<\/strong><\/p>\n\n\n\n<p class=\"wp-block-paragraph\">Ahir, el Restaurant El Yantar de Requena acollia la presentaci\u00f3 de les IV Jornades dels Plats de Cullera a la qual assistia l&#8217;alcalde d&#8217;Utiel, Fernando Benlliure, el regidor de turisme, Fernando Arenes i la tinent d&#8217;alcalde, Elo\u00edsa Viana.<\/p>\n\n\n\n<p class=\"wp-block-paragraph\">Una campanya de promoci\u00f3 gastron\u00f2mica organitzada per la Confederaci\u00f3 Empresarial d&#8217;Hostaleria i Turisme de la Comunitat Valenciana (CONHOSTUR) i que compta amb la col\u00b7laboraci\u00f3 de Turisme Comunitat Valenciana. A l&#8217;acte intervenien Francesc Colomer, secretari auton\u00f2mic de Turisme, Manuel Espinar, president de CONHOSTUR i FEHV, el president de la Mancomunitat de l&#8217;Interior Terra de el Vi, Gabriel Mata; el president de la Mancomunitat del Teixeixo, Alejandro Porter; la presidenta de la Ruta el Vi Utiel-Requena, Ana S\u00faria; i l&#8217;alcalde de Requena, Mario S\u00e1nchez.<\/p>\n\n\n\n<p class=\"wp-block-paragraph\">Les jornades que se celebraran de l&#8217;14 de febrer a l&#8217;1 de mar\u00e7, es van a desenvolupar en 10 municipis que formen part de la Ruta de el Vi Utiel-Requena, destacant la incorporaci\u00f3 en aquesta edici\u00f3 dels municipis de Camporrobles, Caudete de les Fonts, Fuenterrobles, Sinarcas, Venda de l&#8217;Moro i Villargordo de l&#8217;Cabriel.<\/p>\n\n\n\n<p class=\"wp-block-paragraph\"><strong>Gastronomia aut\u00f2ctona i maridatge amb vins Utiel-Requena<\/strong><\/p>\n\n\n\n<p class=\"wp-block-paragraph\">El projecte t\u00e9 com a objectiu posar en valor la tradici\u00f3 gastron\u00f2mica i la gran qualitat de l&#8217;oferta de restauraci\u00f3 d&#8217;aquests municipis, promovent la gastronomia local com a senyal d&#8217;identitat i recurs tur\u00edstic.<\/p>\n\n\n\n<p class=\"wp-block-paragraph\">Es pret\u00e9n a m\u00e9s establir una sin\u00e8rgia en aquesta campanya amb l&#8217;enoturisme, a trav\u00e9s de la col\u00b7laboraci\u00f3 amb la Ruta el Vi Utiel-Requena potenciant tant la visita a les 7 cellers que s&#8217;han sumat a la campanya (i que oferiran un 50% de descompte a l&#8217;entrada per als visitants) com la visita als restaurants. Els men\u00fas elaborats tindran com a protagonistes els plats de cullera de la gastronomia local i els productes aut\u00f2ctons i estaran maridats amb vi de la comarca.<\/p>\n\n\n\n<p class=\"wp-block-paragraph\">Unes jornades que no nom\u00e9s acollir\u00e0 la prov\u00edncia de Val\u00e8ncia, sin\u00f3 que per primera vegada s&#8217;estenen a Alacant i Castell\u00f3, que celebraran les jornades des del 20 de febrer a l&#8217;1 de mar\u00e7 a 12 municipis d&#8217;interior d&#8217;Alacant i 10 municipis de la prov\u00edncia de Castell\u00f3.<\/p>\n\n\n\n<p class=\"wp-block-paragraph\">La gastronomia, que est\u00e0 jugant un paper fonamental com a element dinamitzador de les destinacions tur\u00edstiques d&#8217;interior com el nostre, i la celebraci\u00f3 d&#8217;aquestes jornades contribuiran a impulsar la cultura gastron\u00f2mica tradicional, aut\u00e8ntica i vinculada a el territori.<\/p>\n\n\n\n<p class=\"wp-block-paragraph\">Cal destacar tamb\u00e9 la col\u00b7laboraci\u00f3 de RENFE que va a realitzar una oferta de places promocionals fins al 70% destinada als viatgers que vinguin en AVE des de Madrid.<\/p>\n\n\n\n<p class=\"wp-block-paragraph\">Tota la informaci\u00f3 de les jornades es pot consultar a trav\u00e9s del web www.jornadasdecuchara.es en qu\u00e8 apareixen detallats els 28 men\u00fas especials que ofereixen els restaurants participants de la comarca Utiel-Requena i Foia de Bunyol a m\u00e9s d&#8217;un pr\u00e0ctic llistat amb llocs d&#8217;inter\u00e8s tur\u00edstic i comer\u00e7 de producte local en aquests 10 municipis.<\/p>\n","protected":false},"excerpt":{"rendered":"<div class=\"mh-excerpt\">Un any m\u00e9s Utiel participa en les Jornades dels Plats de Cullera a trav\u00e9s dels suculents plats tradicionals que oferiran 6 restaurants de la localitat de l&#8217;14 de febrer a l&#8217;1 de mar\u00e7. En concret <a class=\"mh-excerpt-more\" href=\"https:\/\/tucomarca.whitekongsoftware.com\/ca\/utiel-amplia-su-participacion-en-las-iv-jornadas-de-los-platos-de-cuchara\/\" title=\"Utiel amplia la seua participaci\u00f3 en les IV Jornades dels Plats de Cullera\">[+] <\/a><\/div>\n","protected":false},"author":1,"featured_media":99514,"comment_status":"open","ping_status":"open","sticky":false,"template":"","format":"standard","meta":{"footnotes":""},"categories":[11006,10948,10894,11007,10908,10909,10896],"tags":[10387],"class_list":["post-99507","post","type-post","status-publish","format-standard","has-post-thumbnail","category-canal-vinos","category-infraestructuras-ca","category-la-comarca-ca","category-ocio-y-cultura-ca","category-requena-ca","category-requena-utiel-ca","category-seccion-ca","tag-requena-utiel"],"_links":{"self":[{"href":"https:\/\/tucomarca.whitekongsoftware.com\/ca\/wp-json\/wp\/v2\/posts\/99507","targetHints":{"allow":["GET"]}}],"collection":[{"href":"https:\/\/tucomarca.whitekongsoftware.com\/ca\/wp-json\/wp\/v2\/posts"}],"about":[{"href":"https:\/\/tucomarca.whitekongsoftware.com\/ca\/wp-json\/wp\/v2\/types\/post"}],"author":[{"embeddable":true,"href":"https:\/\/tucomarca.whitekongsoftware.com\/ca\/wp-json\/wp\/v2\/users\/1"}],"replies":[{"embeddable":true,"href":"https:\/\/tucomarca.whitekongsoftware.com\/ca\/wp-json\/wp\/v2\/comments?post=99507"}],"version-history":[{"count":0,"href":"https:\/\/tucomarca.whitekongsoftware.com\/ca\/wp-json\/wp\/v2\/posts\/99507\/revisions"}],"wp:featuredmedia":[{"embeddable":true,"href":"https:\/\/tucomarca.whitekongsoftware.com\/ca\/wp-json\/wp\/v2\/media\/99514"}],"wp:attachment":[{"href":"https:\/\/tucomarca.whitekongsoftware.com\/ca\/wp-json\/wp\/v2\/media?parent=99507"}],"wp:term":[{"taxonomy":"category","embeddable":true,"href":"https:\/\/tucomarca.whitekongsoftware.com\/ca\/wp-json\/wp\/v2\/categories?post=99507"},{"taxonomy":"post_tag","embeddable":true,"href":"https:\/\/tucomarca.whitekongsoftware.com\/ca\/wp-json\/wp\/v2\/tags?post=99507"}],"curies":[{"name":"wp","href":"https:\/\/api.w.org\/{rel}","templated":true}]}}