{"id":99429,"date":"2020-02-07T21:18:27","date_gmt":"2020-02-07T19:18:27","guid":{"rendered":"http:\/\/www.tucomarca.com\/wordpress\/segunda\/?p=99429"},"modified":"2020-02-07T21:18:36","modified_gmt":"2020-02-07T19:18:36","slug":"montserrat-demana-a-la-diputacio-que-collabore-en-els-actes-commemoratius-de-la-40-setmana-de-la-musica-de-cambra","status":"publish","type":"post","link":"https:\/\/tucomarca.whitekongsoftware.com\/ca\/montserrat-demana-a-la-diputacio-que-collabore-en-els-actes-commemoratius-de-la-40-setmana-de-la-musica-de-cambra\/","title":{"rendered":"Montserrat demana a la Diputaci\u00f3 que col\u00b7labore en els actes commemoratius de la 40 Setmana de la M\u00fasica de Cambra"},"content":{"rendered":"\n<p class=\"wp-block-paragraph\">L&#8217;alcalde de Montserrat, Josep Maria Mas, s&#8217;ha reunit este dijous en seu provincial amb el president de la Diputaci\u00f3, Toni Gaspar, en una trobada en el qual el responsable local ha pogut con\u00e9ixer de primera m\u00e0 el nou model d&#8217;inversions de la corporaci\u00f3, que en la seua opini\u00f3 \u201cbeneficia considerablement als ajuntaments en respectar la seua autonomia i incrementar les ajudes\u201d.<\/p>\n\n\n\n<p class=\"wp-block-paragraph\">Mes ha aprofitat la seua visita a la Diputaci\u00f3 per a demanar al president que la instituci\u00f3 col\u00b7labore en els actes commemoratius de la quarantena edici\u00f3 de la Setmana Internacional de la M\u00fasica de Cambra, que tindr\u00e0 lloc en juliol. \u201cEl nostre festival \u00e9s el m\u00e9s antic de la prov\u00edncia i, despr\u00e9s de 40 anys ininterromputs, s&#8217;ha convertit en un referent de la m\u00fasica cl\u00e0ssica\u201d, ha assenyalat l&#8217;alcalde de Montserrat.&nbsp;<\/p>\n\n\n\n<p class=\"wp-block-paragraph\">En la reuni\u00f3 ha participat tamb\u00e9 el diputat de Patrimoni i alcalde de L\u2019Alc\u00fadia, Andreu Salom.<\/p>\n","protected":false},"excerpt":{"rendered":"<div class=\"mh-excerpt\">L&#8217;alcalde de Montserrat, Josep Maria Mas, s&#8217;ha reunit este dijous en seu provincial amb el president de la Diputaci\u00f3, Toni Gaspar, en una trobada en el qual el responsable local ha pogut con\u00e9ixer de primera <a class=\"mh-excerpt-more\" href=\"https:\/\/tucomarca.whitekongsoftware.com\/ca\/montserrat-demana-a-la-diputacio-que-collabore-en-els-actes-commemoratius-de-la-40-setmana-de-la-musica-de-cambra\/\" title=\"Montserrat demana a la Diputaci\u00f3 que col\u00b7labore en els actes commemoratius de la 40 Setmana de la M\u00fasica de Cambra\">[+] <\/a><\/div>\n","protected":false},"author":12,"featured_media":99427,"comment_status":"open","ping_status":"open","sticky":false,"template":"","format":"standard","meta":{"footnotes":""},"categories":[11005,10995,10902,11000,11007,10896],"tags":[10425],"class_list":["post-99429","post","type-post","status-publish","format-standard","has-post-thumbnail","category-canal-musica","category-lalcudia-ca","category-la-ribera-ca","category-monserrat-ca","category-ocio-y-cultura-ca","category-seccion-ca","tag-monserrat"],"_links":{"self":[{"href":"https:\/\/tucomarca.whitekongsoftware.com\/ca\/wp-json\/wp\/v2\/posts\/99429","targetHints":{"allow":["GET"]}}],"collection":[{"href":"https:\/\/tucomarca.whitekongsoftware.com\/ca\/wp-json\/wp\/v2\/posts"}],"about":[{"href":"https:\/\/tucomarca.whitekongsoftware.com\/ca\/wp-json\/wp\/v2\/types\/post"}],"author":[{"embeddable":true,"href":"https:\/\/tucomarca.whitekongsoftware.com\/ca\/wp-json\/wp\/v2\/users\/12"}],"replies":[{"embeddable":true,"href":"https:\/\/tucomarca.whitekongsoftware.com\/ca\/wp-json\/wp\/v2\/comments?post=99429"}],"version-history":[{"count":0,"href":"https:\/\/tucomarca.whitekongsoftware.com\/ca\/wp-json\/wp\/v2\/posts\/99429\/revisions"}],"wp:featuredmedia":[{"embeddable":true,"href":"https:\/\/tucomarca.whitekongsoftware.com\/ca\/wp-json\/wp\/v2\/media\/99427"}],"wp:attachment":[{"href":"https:\/\/tucomarca.whitekongsoftware.com\/ca\/wp-json\/wp\/v2\/media?parent=99429"}],"wp:term":[{"taxonomy":"category","embeddable":true,"href":"https:\/\/tucomarca.whitekongsoftware.com\/ca\/wp-json\/wp\/v2\/categories?post=99429"},{"taxonomy":"post_tag","embeddable":true,"href":"https:\/\/tucomarca.whitekongsoftware.com\/ca\/wp-json\/wp\/v2\/tags?post=99429"}],"curies":[{"name":"wp","href":"https:\/\/api.w.org\/{rel}","templated":true}]}}