{"id":99388,"date":"2020-02-07T20:46:56","date_gmt":"2020-02-07T18:46:56","guid":{"rendered":"http:\/\/www.tucomarca.com\/wordpress\/segunda\/?p=99388"},"modified":"2020-02-07T20:47:04","modified_gmt":"2020-02-07T18:47:04","slug":"la-mancomunitat-de-linterior-terra-de-vi-es-reunix-amb-el-consorci-valencia-interior-per-a-abordar-la-gestio-dels-residus-en-els-seus-municipis","status":"publish","type":"post","link":"https:\/\/tucomarca.whitekongsoftware.com\/ca\/la-mancomunitat-de-linterior-terra-de-vi-es-reunix-amb-el-consorci-valencia-interior-per-a-abordar-la-gestio-dels-residus-en-els-seus-municipis\/","title":{"rendered":"La Mancomunitat de l&#8217;Interior Terra de vi es reunix amb el Consorci Val\u00e8ncia Interior per a abordar la gesti\u00f3 dels residus en els seus municipis"},"content":{"rendered":"\n<p class=\"wp-block-paragraph\"><strong>L&#8217;entitat planteja el compostatge dom\u00e8stic i comunitari com a ferramenta per a poder arribar als objectius que marca la UE i el Pla Integral de Residus de la Comunitat Valenciana<\/strong><\/p>\n\n\n\n<p class=\"wp-block-paragraph\">Representants dels municipis membres de la Mancomunitat de l&#8217;Interior Terra de el Vi van rebre a principis de setmana la visita d&#8217;el president de el Consorci Val\u00e8ncia Interior i alcalde de Riba-roja d&#8217;el T\u00faria, Robert Raga, i el gerent de l&#8217;entitat, \u00c0ngel Rodr\u00edguez. El CVI va plantejar la possibilitat que els municipis s&#8217;acullen a el projecte de compostatge dom\u00e8stic i comunitari, buscant satisfer els objectius que marca el Pla Integral de Residus de la Comunitat Valenciana.<br>La recollida selectiva dels bioresidus \u00e9s una q\u00fcesti\u00f3 obligat\u00f2ria a l&#8217;hora de complir amb les xifres que marca el citat pla (PIR CV), que indica que s&#8217;ha de reciclar el 50% dels residus dom\u00e8stics a 2020.<br>&#8220;Per arribar a aquests n\u00fameros, com b\u00e9 sabeu, \u00e9s necess\u00e0ria la recollida selectiva de la mat\u00e8ria org\u00e0nica per a aix\u00f2 es requereix una planificaci\u00f3 ordenada de la gesti\u00f3 dels residus en els vostres plans locals de residus&#8221; van assenyalar els responsables de l&#8217;CVI, que van afegir que amb la correcta gesti\u00f3 de les restes de poda i la introducci\u00f3 de la gesti\u00f3 separada dels bioresidus &#8220;es poden arribar a aquestes xifres d&#8217;una manera molt eficient&#8221;.<br>Durant la trobada es va abordar tamb\u00e9 la problem\u00e0tica que tenen els municipis pel que fa a la recollida separada d&#8217;envasos lleugers i paper-cartr\u00f3. Aquest servei, encomanat a l&#8217;CVI pels seus ajuntaments el 2010 i finan\u00e7at per Ecoembes, \u00e9s l&#8217;activitat que genera m\u00e9s problemes per als ve\u00efns a l&#8217;resultar insuficient, la qual cosa motiva queixes per part d&#8217;ajuntaments i ciutadania.<\/p>\n\n\n\n<p class=\"wp-block-paragraph\">Cal destacar que la majoria dels municipis mancomunats compten amb diferents pedanies que, pel nombre de poblaci\u00f3, ni tan sols tenen contenidors per a la recollida selectiva d&#8217;aquests materials. Per aix\u00f2, els representants municipals van proposar tamb\u00e9 que, en lloc d&#8217;assignar el nombre de contenidors per nombre d&#8217;habitants, aquests es reparteixen d&#8217;acord a nuclis poblacionals.<br>Amb la reuni\u00f3 celebrada a Utiel, el CVI va tancar la ronda de reunions que ha anat mantenint amb diferents mancomunitats des de mitjans de gener, abordant diferents q\u00fcestions relatives a la gesti\u00f3 dels residus.<\/p>\n","protected":false},"excerpt":{"rendered":"<div class=\"mh-excerpt\">L&#8217;entitat planteja el compostatge dom\u00e8stic i comunitari com a ferramenta per a poder arribar als objectius que marca la UE i el Pla Integral de Residus de la Comunitat Valenciana Representants dels municipis membres de <a class=\"mh-excerpt-more\" href=\"https:\/\/tucomarca.whitekongsoftware.com\/ca\/la-mancomunitat-de-linterior-terra-de-vi-es-reunix-amb-el-consorci-valencia-interior-per-a-abordar-la-gestio-dels-residus-en-els-seus-municipis\/\" title=\"La Mancomunitat de l&#8217;Interior Terra de vi es reunix amb el Consorci Val\u00e8ncia Interior per a abordar la gesti\u00f3 dels residus en els seus municipis\">[+] <\/a><\/div>\n","protected":false},"author":12,"featured_media":99387,"comment_status":"open","ping_status":"open","sticky":false,"template":"","format":"standard","meta":{"footnotes":""},"categories":[10898,10894,10903,10947,10909,10896],"tags":[417,11117,11305,10220,11905,7976],"class_list":["post-99388","post","type-post","status-publish","format-standard","has-post-thumbnail","category-ventana-ca","category-la-comarca-ca","category-medio-ambiente-la-comarca-ca","category-politica","category-requena-utiel-ca","category-seccion-ca","tag-consorcio-valencia-interior","tag-consorcio-valencia-interior-ca","tag-cvi-ca","tag-cvi","tag-mancomunidad-tierra-del-vino-ca","tag-mancomunidad-tierra-del-vino"],"_links":{"self":[{"href":"https:\/\/tucomarca.whitekongsoftware.com\/ca\/wp-json\/wp\/v2\/posts\/99388","targetHints":{"allow":["GET"]}}],"collection":[{"href":"https:\/\/tucomarca.whitekongsoftware.com\/ca\/wp-json\/wp\/v2\/posts"}],"about":[{"href":"https:\/\/tucomarca.whitekongsoftware.com\/ca\/wp-json\/wp\/v2\/types\/post"}],"author":[{"embeddable":true,"href":"https:\/\/tucomarca.whitekongsoftware.com\/ca\/wp-json\/wp\/v2\/users\/12"}],"replies":[{"embeddable":true,"href":"https:\/\/tucomarca.whitekongsoftware.com\/ca\/wp-json\/wp\/v2\/comments?post=99388"}],"version-history":[{"count":0,"href":"https:\/\/tucomarca.whitekongsoftware.com\/ca\/wp-json\/wp\/v2\/posts\/99388\/revisions"}],"wp:featuredmedia":[{"embeddable":true,"href":"https:\/\/tucomarca.whitekongsoftware.com\/ca\/wp-json\/wp\/v2\/media\/99387"}],"wp:attachment":[{"href":"https:\/\/tucomarca.whitekongsoftware.com\/ca\/wp-json\/wp\/v2\/media?parent=99388"}],"wp:term":[{"taxonomy":"category","embeddable":true,"href":"https:\/\/tucomarca.whitekongsoftware.com\/ca\/wp-json\/wp\/v2\/categories?post=99388"},{"taxonomy":"post_tag","embeddable":true,"href":"https:\/\/tucomarca.whitekongsoftware.com\/ca\/wp-json\/wp\/v2\/tags?post=99388"}],"curies":[{"name":"wp","href":"https:\/\/api.w.org\/{rel}","templated":true}]}}