{"id":99258,"date":"2020-02-05T11:16:01","date_gmt":"2020-02-05T09:16:01","guid":{"rendered":"http:\/\/www.tucomarca.com\/wordpress\/segunda\/?p=99258"},"modified":"2020-02-06T09:47:17","modified_gmt":"2020-02-06T07:47:17","slug":"lajuntament-de-turis-millora-la-senyalitzacio-en-un-encreuament-conflictiu","status":"publish","type":"post","link":"https:\/\/tucomarca.whitekongsoftware.com\/ca\/lajuntament-de-turis-millora-la-senyalitzacio-en-un-encreuament-conflictiu\/","title":{"rendered":"L\u2019Ajuntament de Tur\u00eds millora la senyalitzaci\u00f3 en un encreuament conflictiu"},"content":{"rendered":"\n<p class=\"wp-block-paragraph\">L\u2019Ajuntament de&nbsp;Tur\u00eds&nbsp;ha realitzat un canvi i millora de senyalitzaci\u00f3 a l\u2019encreuament entre els carrers La Barra i carrer Sant Roc per tal de reduir la perillositat que implicava la mala visibilitat en eixe punt.<\/p>\n\n\n\n<p class=\"wp-block-paragraph\">La novetat \u00e9s que s\u2019ha&nbsp;instal\u00b7lat&nbsp;un STOP llumin\u00f3s en la baixada pel carrer La Barra aix\u00ed com bandes sonores per a donar prefer\u00e8ncia als vehicles que&nbsp;pugen&nbsp;pel carrer Sant Roc. Durant&nbsp;estos&nbsp;dies el consistori recomana precauci\u00f3 al pas per la zona per tal d\u2019acostumar-se a la nova senyalitzaci\u00f3.<\/p>\n","protected":false},"excerpt":{"rendered":"<div class=\"mh-excerpt\">L\u2019Ajuntament de&nbsp;Tur\u00eds&nbsp;ha realitzat un canvi i millora de senyalitzaci\u00f3 a l\u2019encreuament entre els carrers La Barra i carrer Sant Roc per tal de reduir la perillositat que implicava la mala visibilitat en eixe punt. La <a class=\"mh-excerpt-more\" href=\"https:\/\/tucomarca.whitekongsoftware.com\/ca\/lajuntament-de-turis-millora-la-senyalitzacio-en-un-encreuament-conflictiu\/\" title=\"L\u2019Ajuntament de Tur\u00eds millora la senyalitzaci\u00f3 en un encreuament conflictiu\">[+] <\/a><\/div>\n","protected":false},"author":1,"featured_media":99256,"comment_status":"open","ping_status":"open","sticky":false,"template":"","format":"standard","meta":{"footnotes":""},"categories":[10948,10894,10902,10947,10896,11047],"tags":[3640],"class_list":["post-99258","post","type-post","status-publish","format-standard","has-post-thumbnail","category-infraestructuras-ca","category-la-comarca-ca","category-la-ribera-ca","category-politica","category-seccion-ca","category-turis-ca","tag-la-ribera-alta"],"_links":{"self":[{"href":"https:\/\/tucomarca.whitekongsoftware.com\/ca\/wp-json\/wp\/v2\/posts\/99258","targetHints":{"allow":["GET"]}}],"collection":[{"href":"https:\/\/tucomarca.whitekongsoftware.com\/ca\/wp-json\/wp\/v2\/posts"}],"about":[{"href":"https:\/\/tucomarca.whitekongsoftware.com\/ca\/wp-json\/wp\/v2\/types\/post"}],"author":[{"embeddable":true,"href":"https:\/\/tucomarca.whitekongsoftware.com\/ca\/wp-json\/wp\/v2\/users\/1"}],"replies":[{"embeddable":true,"href":"https:\/\/tucomarca.whitekongsoftware.com\/ca\/wp-json\/wp\/v2\/comments?post=99258"}],"version-history":[{"count":0,"href":"https:\/\/tucomarca.whitekongsoftware.com\/ca\/wp-json\/wp\/v2\/posts\/99258\/revisions"}],"wp:featuredmedia":[{"embeddable":true,"href":"https:\/\/tucomarca.whitekongsoftware.com\/ca\/wp-json\/wp\/v2\/media\/99256"}],"wp:attachment":[{"href":"https:\/\/tucomarca.whitekongsoftware.com\/ca\/wp-json\/wp\/v2\/media?parent=99258"}],"wp:term":[{"taxonomy":"category","embeddable":true,"href":"https:\/\/tucomarca.whitekongsoftware.com\/ca\/wp-json\/wp\/v2\/categories?post=99258"},{"taxonomy":"post_tag","embeddable":true,"href":"https:\/\/tucomarca.whitekongsoftware.com\/ca\/wp-json\/wp\/v2\/tags?post=99258"}],"curies":[{"name":"wp","href":"https:\/\/api.w.org\/{rel}","templated":true}]}}