{"id":99236,"date":"2020-02-04T14:52:28","date_gmt":"2020-02-04T12:52:28","guid":{"rendered":"http:\/\/www.tucomarca.com\/wordpress\/segunda\/?p=99236"},"modified":"2020-02-04T14:52:37","modified_gmt":"2020-02-04T12:52:37","slug":"riba-roja-revisara-lordenanca-dusos-de-lcastell-municipal-per-evitar-una-polititzacio-dun-espai-qualificat-com-a-bic","status":"publish","type":"post","link":"https:\/\/tucomarca.whitekongsoftware.com\/ca\/riba-roja-revisara-lordenanca-dusos-de-lcastell-municipal-per-evitar-una-polititzacio-dun-espai-qualificat-com-a-bic\/","title":{"rendered":"Riba-roja revisar\u00e0 l&#8217;ordenan\u00e7a d&#8217;usos de l&#8217;Castell municipal per evitar una polititzaci\u00f3 d&#8217;un espai qualificat com a BIC"},"content":{"rendered":"\n<p class=\"wp-block-paragraph\">El ple de l&#8217;Ajuntament de Riba-roja de T\u00faria ha aprovat una resoluci\u00f3 de l&#8217;PSPV-PSOE de la localitat en la qual insta a l&#8217;equip de govern a estudiar una modificaci\u00f3 de la normativa sobre l&#8217;\u00fas de l&#8217;Castell municipal de la localitat perqu\u00e8 no pugui ser objecte de pol\u00e8miques est\u00e8rils en un espai qualificat en el pla general com a b\u00e9 d&#8217;inter\u00e8s cultural (BIC). La moci\u00f3 de el PSPV ha comptat amb el suport de PP, de Comprom\u00eds, Podem Riba-roja, Esquerra Unida i Ciutadans i l&#8217;abstenci\u00f3 de Vox.<\/p>\n\n\n\n<p class=\"wp-block-paragraph\">La resoluci\u00f3 de ple es pren arran dels problemes i aldarulls que es van viure el passat dissabte 25 de gener al transcurs de la presentaci\u00f3 del llibre &#8220;Llibres contra la representaci\u00f3&#8221; organitzat per Esquerra Republicana. La regidora de Riba-roja Podem i l&#8217;edil d&#8217;Esquerra Unida de la localitat van patir insults, amenaces i altres comportaments intolerables, segons els informes de la policia local.<\/p>\n\n\n\n<p class=\"wp-block-paragraph\">El text de la proposta aprovada subratlla que &#8220;ni els nostres representants pol\u00edtics de la corporaci\u00f3 municipal ni les forces de seguretat com s\u00f3n la policia local i la gu\u00e0rdia civil poden ser objectes de cap comportament violent o vexatori&#8221;, de manera que exhorten a l&#8217;ajuntament a una revisi\u00f3 sobre l&#8217;\u00fas d&#8217;aquest edifici qualificat actualment com a b\u00e9 d&#8217;inter\u00e8s cultural (BIC).<\/p>\n\n\n\n<p class=\"wp-block-paragraph\">La resoluci\u00f3 de Riba-roja de T\u00faria condemna &#8220;de manera un\u00e0nime&#8221; les vexacions, insults i amenaces dirigides a les i els regidors de la corporaci\u00f3 municipal i el menyspreu i insults a la policia local i gu\u00e0rdia civil realitzats en aquest acte i xarxes socials &#8221; ja que, segons es recull, els mateixos &#8220;no poden ser objectes de cap tipus de comportament violent o vexatori&#8221;.<\/p>\n\n\n\n<p class=\"wp-block-paragraph\">El grup socialista afirma, a m\u00e9s, en el mateix text aprovat que l&#8217;acte organitzat per l&#8217;esmentada formaci\u00f3 i animat per diferents partits pol\u00edtics i col\u00b7lectius no afins a les seves idees &#8220;ha provocat unes tensions innecess\u00e0ries i un alarmisme social que ha condu\u00eft a actituds indesitjables per alguns dels assistents cap a les forces de l&#8217;ordre i cap a representants de la corporaci\u00f3 &#8220;.<\/p>\n\n\n\n<p class=\"wp-block-paragraph\">Cal recordar que l&#8217;Ajuntament de Riba-roja de T\u00faria va assegurar en un comunicat de premsa publicat el dia abans de l&#8217;acte que aquest esdeveniment &#8220;no guarda relaci\u00f3 amb l&#8217;ajuntament ni amb l&#8217;actual equip de govern&#8221; a el temps que la sol\u00b7licitud per a la seva celebraci\u00f3 es va tramitar &#8220;igual que ho ha fet amb altres entitats pol\u00edtiques o d&#8217;una altra \u00edndole, en el passat, complint aix\u00ed amb la normativa municipal&#8221;.<\/p>\n\n\n\n<p class=\"wp-block-paragraph\">La normativa per a la cessi\u00f3 de les instal\u00b7lacions com les de l&#8217;Castell estan recollides en la corresponent ordenan\u00e7a municipal que va ser aprovada en el ple municipal del 3 de mar\u00e7 de l&#8217;any 2004, sota govern de Partit Popular. Per tant, despr\u00e9s de la revisi\u00f3 de la documentaci\u00f3 acreditada pels t\u00e8cnics municipals en l&#8217;acte de l&#8217;25 de gener &#8220;els sol\u00b7licitants compleixen tots els requisits exigibles perqu\u00e8 es tramiti la sol\u00b7licitud, sent obligatori el seu compliment per part de l&#8217;ajuntament&#8221;.<\/p>\n","protected":false},"excerpt":{"rendered":"<div class=\"mh-excerpt\">El ple de l&#8217;Ajuntament de Riba-roja de T\u00faria ha aprovat una resoluci\u00f3 de l&#8217;PSPV-PSOE de la localitat en la qual insta a l&#8217;equip de govern a estudiar una modificaci\u00f3 de la normativa sobre l&#8217;\u00fas de <a class=\"mh-excerpt-more\" href=\"https:\/\/tucomarca.whitekongsoftware.com\/ca\/riba-roja-revisara-lordenanca-dusos-de-lcastell-municipal-per-evitar-una-polititzacio-dun-espai-qualificat-com-a-bic\/\" title=\"Riba-roja revisar\u00e0 l&#8217;ordenan\u00e7a d&#8217;usos de l&#8217;Castell municipal per evitar una polititzaci\u00f3 d&#8217;un espai qualificat com a BIC\">[+] <\/a><\/div>\n","protected":false},"author":1,"featured_media":99234,"comment_status":"open","ping_status":"open","sticky":false,"template":"","format":"standard","meta":{"footnotes":""},"categories":[10892,10948,10894,10947,10906,10896],"tags":[10395,10899],"class_list":["post-99236","post","type-post","status-publish","format-standard","has-post-thumbnail","category-camp-de-turia-ca","category-infraestructuras-ca","category-la-comarca-ca","category-politica","category-riba-roja-ca","category-seccion-ca","tag-camp-de-turia","tag-camp-de-turia-ca"],"_links":{"self":[{"href":"https:\/\/tucomarca.whitekongsoftware.com\/ca\/wp-json\/wp\/v2\/posts\/99236","targetHints":{"allow":["GET"]}}],"collection":[{"href":"https:\/\/tucomarca.whitekongsoftware.com\/ca\/wp-json\/wp\/v2\/posts"}],"about":[{"href":"https:\/\/tucomarca.whitekongsoftware.com\/ca\/wp-json\/wp\/v2\/types\/post"}],"author":[{"embeddable":true,"href":"https:\/\/tucomarca.whitekongsoftware.com\/ca\/wp-json\/wp\/v2\/users\/1"}],"replies":[{"embeddable":true,"href":"https:\/\/tucomarca.whitekongsoftware.com\/ca\/wp-json\/wp\/v2\/comments?post=99236"}],"version-history":[{"count":0,"href":"https:\/\/tucomarca.whitekongsoftware.com\/ca\/wp-json\/wp\/v2\/posts\/99236\/revisions"}],"wp:featuredmedia":[{"embeddable":true,"href":"https:\/\/tucomarca.whitekongsoftware.com\/ca\/wp-json\/wp\/v2\/media\/99234"}],"wp:attachment":[{"href":"https:\/\/tucomarca.whitekongsoftware.com\/ca\/wp-json\/wp\/v2\/media?parent=99236"}],"wp:term":[{"taxonomy":"category","embeddable":true,"href":"https:\/\/tucomarca.whitekongsoftware.com\/ca\/wp-json\/wp\/v2\/categories?post=99236"},{"taxonomy":"post_tag","embeddable":true,"href":"https:\/\/tucomarca.whitekongsoftware.com\/ca\/wp-json\/wp\/v2\/tags?post=99236"}],"curies":[{"name":"wp","href":"https:\/\/api.w.org\/{rel}","templated":true}]}}