{"id":99230,"date":"2020-02-04T14:44:17","date_gmt":"2020-02-04T12:44:17","guid":{"rendered":"http:\/\/www.tucomarca.com\/wordpress\/segunda\/?p=99230"},"modified":"2020-02-04T14:44:24","modified_gmt":"2020-02-04T12:44:24","slug":"la-conselleria-dhabitatge-licitara-el-primer-trimestre-de-lany-les-obres-de-millora-delements-comuns-del-grup-de-benifaio","status":"publish","type":"post","link":"https:\/\/tucomarca.whitekongsoftware.com\/ca\/la-conselleria-dhabitatge-licitara-el-primer-trimestre-de-lany-les-obres-de-millora-delements-comuns-del-grup-de-benifaio\/","title":{"rendered":"La Conselleria d&#8217;Habitatge licitar\u00e0 el primer trimestre de l&#8217;any les obres de millora d&#8217;elements comuns del grup de Benifai\u00f3"},"content":{"rendered":"\n<p class=\"wp-block-paragraph\">La Vicepresid\u00e8ncia Segona i Conselleria d&#8217;Habitatge i Arquitectura Bioclim\u00e0tica t\u00e9 previst licitar en el primer trimestre del l&#8217;any les obres de millora d&#8217;elements comuns del grup de 35 habitatges p\u00fablics que gestiona a Benifai\u00f3.<\/p>\n\n\n\n<p class=\"wp-block-paragraph\">Aix\u00ed ho ha traslladat el director general de l&#8217;Entitat Valenciana d&#8217;Habitatge i S\u00f2l (EVha), Alberto Aznar, a l&#8217;alcaldessa de Benifai\u00f3, Marta Ortiz, i a el regidor d&#8217;Urbanisme i Patrimoni, Xavier Mart\u00ednez, en una reuni\u00f3 que han mantingut .<\/p>\n\n\n\n<p class=\"wp-block-paragraph\">Alberto Aznar ha explicat que aquesta actuaci\u00f3 s&#8217;emmarca dins d&#8217;un Pla d&#8217;Intervenci\u00f3 Integral Sostenible que la Generalitat est\u00e0 posant en marxa en aquells grups m\u00e9s vulnerables.<\/p>\n\n\n\n<p class=\"wp-block-paragraph\">&#8220;L&#8217;objectiu \u00e9s incloure mesures des de l&#8217;\u00e0mbit social i econ\u00f2mic per impulsar la recuperaci\u00f3 f\u00edsica i social d&#8217;aquesta zona&#8221;. Per a aix\u00f2, ha apel\u00b7lat a la col\u00b7laboraci\u00f3 dels serveis socials municipals.<\/p>\n\n\n\n<p class=\"wp-block-paragraph\">Despr\u00e9s de la redacci\u00f3 de el projecte, la Conselleria d&#8217;Habitatge i Arquitectura Bioclim\u00e0tica licitar\u00e0 en breu les obres de reparaci\u00f3 d&#8217;elements comuns i la previsi\u00f3 \u00e9s iniciar les obres en l&#8217;\u00faltim trimestre de l&#8217;any.<\/p>\n\n\n\n<p class=\"wp-block-paragraph\">L&#8217;actuaci\u00f3, amb una inversi\u00f3 aproximada de 245.000 euros, inclour\u00e0 l&#8217;adequaci\u00f3 dels vest\u00edbuls, escales i replans de planta. Es reposar\u00e0 la porta d&#8217;acc\u00e9s, aix\u00ed com la fusteria exterior i serralleria. Es repararan els esglaons trencats, el fals sostre d&#8217;escaiola i arrebossats de guix. Tamb\u00e9 es reposaran les b\u00fasties i es pintaran els espais comuns.<\/p>\n\n\n\n<p class=\"wp-block-paragraph\">Aix\u00ed mateix, s&#8217;adequaran a la normativa actual les instal\u00b7lacions d&#8217;electricitat, aigua i telecomunicacions i es reposaran els sistemes de protecci\u00f3 contra incendis (extintors, enllumenat emerg\u00e8ncia).<\/p>\n\n\n\n<p class=\"wp-block-paragraph\">De la mateixa manera, es repararan els desperfectes de les fa\u00e7anes i cobertes i es reestructurar\u00e0 i s&#8217;adequaran els espais p\u00fablics centrant-se en la reparaci\u00f3 i reposici\u00f3 de llumin\u00e0ries i instal\u00b7laci\u00f3 exterior (utilitzant sistemes antivand\u00e0lics) i dels paviments. A m\u00e9s, tamb\u00e9 es crear\u00e0 una vorera de m\u00e9s amplitud a la fa\u00e7ana oest.<\/p>\n","protected":false},"excerpt":{"rendered":"<div class=\"mh-excerpt\">La Vicepresid\u00e8ncia Segona i Conselleria d&#8217;Habitatge i Arquitectura Bioclim\u00e0tica t\u00e9 previst licitar en el primer trimestre del l&#8217;any les obres de millora d&#8217;elements comuns del grup de 35 habitatges p\u00fablics que gestiona a Benifai\u00f3. Aix\u00ed <a class=\"mh-excerpt-more\" href=\"https:\/\/tucomarca.whitekongsoftware.com\/ca\/la-conselleria-dhabitatge-licitara-el-primer-trimestre-de-lany-les-obres-de-millora-delements-comuns-del-grup-de-benifaio\/\" title=\"La Conselleria d&#8217;Habitatge licitar\u00e0 el primer trimestre de l&#8217;any les obres de millora d&#8217;elements comuns del grup de Benifai\u00f3\">[+] <\/a><\/div>\n","protected":false},"author":1,"featured_media":99206,"comment_status":"open","ping_status":"open","sticky":false,"template":"","format":"standard","meta":{"footnotes":""},"categories":[10987,10898,10948,10894,10902,10947,10896],"tags":[3640,11077],"class_list":["post-99230","post","type-post","status-publish","format-standard","has-post-thumbnail","category-benifaio-ca","category-ventana-ca","category-infraestructuras-ca","category-la-comarca-ca","category-la-ribera-ca","category-politica","category-seccion-ca","tag-la-ribera-alta","tag-la-ribera-alta-ca"],"_links":{"self":[{"href":"https:\/\/tucomarca.whitekongsoftware.com\/ca\/wp-json\/wp\/v2\/posts\/99230","targetHints":{"allow":["GET"]}}],"collection":[{"href":"https:\/\/tucomarca.whitekongsoftware.com\/ca\/wp-json\/wp\/v2\/posts"}],"about":[{"href":"https:\/\/tucomarca.whitekongsoftware.com\/ca\/wp-json\/wp\/v2\/types\/post"}],"author":[{"embeddable":true,"href":"https:\/\/tucomarca.whitekongsoftware.com\/ca\/wp-json\/wp\/v2\/users\/1"}],"replies":[{"embeddable":true,"href":"https:\/\/tucomarca.whitekongsoftware.com\/ca\/wp-json\/wp\/v2\/comments?post=99230"}],"version-history":[{"count":0,"href":"https:\/\/tucomarca.whitekongsoftware.com\/ca\/wp-json\/wp\/v2\/posts\/99230\/revisions"}],"wp:featuredmedia":[{"embeddable":true,"href":"https:\/\/tucomarca.whitekongsoftware.com\/ca\/wp-json\/wp\/v2\/media\/99206"}],"wp:attachment":[{"href":"https:\/\/tucomarca.whitekongsoftware.com\/ca\/wp-json\/wp\/v2\/media?parent=99230"}],"wp:term":[{"taxonomy":"category","embeddable":true,"href":"https:\/\/tucomarca.whitekongsoftware.com\/ca\/wp-json\/wp\/v2\/categories?post=99230"},{"taxonomy":"post_tag","embeddable":true,"href":"https:\/\/tucomarca.whitekongsoftware.com\/ca\/wp-json\/wp\/v2\/tags?post=99230"}],"curies":[{"name":"wp","href":"https:\/\/api.w.org\/{rel}","templated":true}]}}