{"id":99173,"date":"2020-02-04T14:27:47","date_gmt":"2020-02-04T12:27:47","guid":{"rendered":"http:\/\/www.tucomarca.com\/wordpress\/segunda\/?p=99173"},"modified":"2020-02-04T14:28:36","modified_gmt":"2020-02-04T12:28:36","slug":"lexposicio-noemtoqueselwhatsapp-de-livaj-arriba-a-monserrat","status":"publish","type":"post","link":"https:\/\/tucomarca.whitekongsoftware.com\/ca\/lexposicio-noemtoqueselwhatsapp-de-livaj-arriba-a-monserrat\/","title":{"rendered":"L&#8217;exposici\u00f3 #Noemtoqueselwhatsapp de l&#8217;IVAJ arriba a Monserrat"},"content":{"rendered":"\n<p class=\"wp-block-paragraph\">L&#8217;exposici\u00f3 itinerant #noemtoqueselwhatsapp de l&#8217;Institut Valenci\u00e0 de la Joventut (IVAJ) recorre al llarg del mes de febrer sis instituts d&#8217;ensenyament secundari (IES) a Monserrat, Paterna, Sogorb, Vilafranca i Vilalonga aix\u00ed com centres culturals a Beniarj\u00f3, Catral i Sant Isidre.<\/p>\n\n\n\n<p class=\"wp-block-paragraph\">L&#8217;exposici\u00f3 de el programa &#8216;M&#8217;importa d&#8217;Educaci\u00f3 en Valors&#8217; de l&#8217;IVAJ consta d&#8217;una s\u00e8rie de panells on s&#8217;estructuren les fotografies realitzades per joves i grups de joves de 14 a 30 anys que denuncien la viol\u00e8ncia contra les dones.<\/p>\n\n\n\n<p class=\"wp-block-paragraph\">De el 6 a el 20 de febrer #Noemtoqueselwhatsapp arriba a l&#8217;IES Vall de la Safor a Vilallonga i de el 7 a el 17 de febrer romandr\u00e0 a l&#8217;IES Alcalans de Montserrat.<\/p>\n\n\n\n<p class=\"wp-block-paragraph\">Els IES Cova Santa i Alt Pal\u00e0ncia de Segorbe reben l&#8217;exposici\u00f3 de l&#8217;11 a el 16 de febrer ia la Casa de la Cultura de Catral romandr\u00e0 de l&#8217;18 a l&#8217;24 de febrer.<\/p>\n\n\n\n<p class=\"wp-block-paragraph\">La mostra prossegueix de l&#8217;19 a el 24 de febrer a l&#8217;IES Vilafranca; de l&#8217;25 de febrer a l&#8217;1 de mar\u00e7 a la biblioteca municipal de Sant Isidre i de l&#8217;25 de febrer a el 8 de mar\u00e7 a Sala municipal d&#8217;exposicions Vicent Vidal de Beniarj\u00f3.<\/p>\n\n\n\n<p class=\"wp-block-paragraph\">Finalment, de el 26 de febrer a el 5 de mar\u00e7 estar\u00e0 a l&#8217;IES Henri Matisse de Paterna.<\/p>\n\n\n\n<p class=\"wp-block-paragraph\">Al web de l&#8217;IVAJ (consultar aqu\u00ed) s&#8217;actualitza el calendari expositiu amb les localitzacions previstes per als pr\u00f2xims mesos. Les persones i entitats interessades poden sol\u00b7licitar l&#8217;exposici\u00f3 a l&#8217;correu cultura_ivaj@gva.es.<\/p>\n\n\n\n<p class=\"wp-block-paragraph\">Precisament des de la seva posada en marxa, les exposicions itinerants han recorregut unes 200 poblacions de la Comunitat Valenciana.<\/p>\n\n\n\n<p class=\"wp-block-paragraph\">A m\u00e9s, l&#8217;IVAJ posa a disposici\u00f3 d&#8217;ajuntaments, instituts de secund\u00e0ria, centres socials i juvenils, la guia did\u00e0ctica #noemtoqueselwhatsapp, un recurs de la s\u00e8rie M&#8217;importa que promou un desenvolupament pedag\u00f2gic per avan\u00e7ar en la prevenci\u00f3, detecci\u00f3 i den\u00fancia de la viol\u00e8ncia contra dones.<\/p>\n","protected":false},"excerpt":{"rendered":"<div class=\"mh-excerpt\">L&#8217;exposici\u00f3 itinerant #noemtoqueselwhatsapp de l&#8217;Institut Valenci\u00e0 de la Joventut (IVAJ) recorre al llarg del mes de febrer sis instituts d&#8217;ensenyament secundari (IES) a Monserrat, Paterna, Sogorb, Vilafranca i Vilalonga aix\u00ed com centres culturals a Beniarj\u00f3, <a class=\"mh-excerpt-more\" href=\"https:\/\/tucomarca.whitekongsoftware.com\/ca\/lexposicio-noemtoqueselwhatsapp-de-livaj-arriba-a-monserrat\/\" title=\"L&#8217;exposici\u00f3 #Noemtoqueselwhatsapp de l&#8217;IVAJ arriba a Monserrat\">[+] <\/a><\/div>\n","protected":false},"author":1,"featured_media":99171,"comment_status":"open","ping_status":"open","sticky":false,"template":"","format":"standard","meta":{"footnotes":""},"categories":[11019,10902,11000,10896],"tags":[11077,3640],"class_list":["post-99173","post","type-post","status-publish","format-standard","has-post-thumbnail","category-agenda-ca","category-la-ribera-ca","category-monserrat-ca","category-seccion-ca","tag-la-ribera-alta-ca","tag-la-ribera-alta"],"_links":{"self":[{"href":"https:\/\/tucomarca.whitekongsoftware.com\/ca\/wp-json\/wp\/v2\/posts\/99173","targetHints":{"allow":["GET"]}}],"collection":[{"href":"https:\/\/tucomarca.whitekongsoftware.com\/ca\/wp-json\/wp\/v2\/posts"}],"about":[{"href":"https:\/\/tucomarca.whitekongsoftware.com\/ca\/wp-json\/wp\/v2\/types\/post"}],"author":[{"embeddable":true,"href":"https:\/\/tucomarca.whitekongsoftware.com\/ca\/wp-json\/wp\/v2\/users\/1"}],"replies":[{"embeddable":true,"href":"https:\/\/tucomarca.whitekongsoftware.com\/ca\/wp-json\/wp\/v2\/comments?post=99173"}],"version-history":[{"count":0,"href":"https:\/\/tucomarca.whitekongsoftware.com\/ca\/wp-json\/wp\/v2\/posts\/99173\/revisions"}],"wp:featuredmedia":[{"embeddable":true,"href":"https:\/\/tucomarca.whitekongsoftware.com\/ca\/wp-json\/wp\/v2\/media\/99171"}],"wp:attachment":[{"href":"https:\/\/tucomarca.whitekongsoftware.com\/ca\/wp-json\/wp\/v2\/media?parent=99173"}],"wp:term":[{"taxonomy":"category","embeddable":true,"href":"https:\/\/tucomarca.whitekongsoftware.com\/ca\/wp-json\/wp\/v2\/categories?post=99173"},{"taxonomy":"post_tag","embeddable":true,"href":"https:\/\/tucomarca.whitekongsoftware.com\/ca\/wp-json\/wp\/v2\/tags?post=99173"}],"curies":[{"name":"wp","href":"https:\/\/api.w.org\/{rel}","templated":true}]}}