{"id":99124,"date":"2020-02-03T22:21:05","date_gmt":"2020-02-03T20:21:05","guid":{"rendered":"http:\/\/www.tucomarca.com\/wordpress\/segunda\/?p=99124"},"modified":"2020-02-03T22:21:13","modified_gmt":"2020-02-03T20:21:13","slug":"el-psoe-es-felicita-perque-el-tsj-avale-el-treure-de-la-do-valencia-les-parcelles-dutiel-requena-i-alacant","status":"publish","type":"post","link":"https:\/\/tucomarca.whitekongsoftware.com\/ca\/el-psoe-es-felicita-perque-el-tsj-avale-el-treure-de-la-do-valencia-les-parcelles-dutiel-requena-i-alacant\/","title":{"rendered":"El PSOE es felicita perqu\u00e8 el TSJ avale el treure de la DO Val\u00e8ncia les parcel\u00b7les d&#8217;Utiel-Requena i Alacant"},"content":{"rendered":"\n<p class=\"wp-block-paragraph\">El diputat auton\u00f2mic i portaveu Agricultura en Les Corts Valencianes, David Calvo, ha assegurat avui que una &#8220;vegada m\u00e9s els tribunals tornen a donar la ra\u00f3 i donen suport a la iniciativa de l&#8217;PSPV-PSOE per respectar les Denominacions d&#8217;Origen (DO) d&#8217;Utiel-Requena i Alacant &#8220;. Aix\u00ed s&#8217;ha pronunciat despr\u00e9s de con\u00e8ixer la sent\u00e8ncia que desestima a el recurs contenci\u00f3s administratiu contra la resoluci\u00f3 de Consell de Ximo Puig per derogar l&#8217;ordre de 2011 de Govern de PP que pretenia suprimir les tres DO vitivin\u00edcoles de la Comunitat Valenciana per englobar en una sola. &#8220;es tanca aix\u00ed un cap\u00edtol que va imposar el PP i que es preveia molt perjudicial per als productors d&#8217;Utiel-Requena i d&#8217;Alacant&#8221;, ha apuntat.<\/p>\n\n\n\n<p class=\"wp-block-paragraph\">Per Calvo, &#8220;la just\u00edcia ha tornat a recon\u00e8ixer, una vegada m\u00e9s, que la DO Utiel-Requena es caracteritza per la identitat, qualitat i singularitat dels nostres vins&#8221; i ha celebrat que &#8220;per molt que intentin usurpar les nostres arrels, els interessos econ\u00f2mics d&#8217;uns pocs mai s&#8217;han d&#8217;imposar als interessos de tota la nostra comarca &#8220;. Els socialistes van defensar en els Corts Valencianes als territoris que conformen les DO perqu\u00e8 es reconeguessin la pertinen\u00e7a dels 9 municipis de la comarca exclusivament a la DO Utiel-Requena, tal com estava abans que el govern de l&#8217;PP el 2011 intent\u00e9s acabar amb aquesta distinci\u00f3, ara els tribunals han donat suport aquesta proposta. Segons ha recordat Calvo, &#8220;a la Comunitat Valenciana hi ha tres zones clarament delimitades, de matisos diferents i de treball independent que \u00e9s el que fa que els nostres vins obtinguin un valor afegit, no millors o pitjors sin\u00f3, senzillament, diferents&#8221;.<\/p>\n\n\n\n<p class=\"wp-block-paragraph\">En el mateix sentit s&#8217;ha pronunciat tamb\u00e9 el secretari general dels socialistes a la comarca Requena-Utiel, Toni Quintana, &#8220;des del PSPV-PSOE sempre vam defensar i ho seguirem fent en el futur, els interessos de la nostra DO de vins Utiel-Requena &#8220;. A m\u00e9s, ha reconegut &#8220;el suport rebut pel sector que sempre ha confiat en nosaltres, el treball realitzat pel secretari auton\u00f2mic d&#8217;Agricultura, Francisco Mulero, i el gran comprom\u00eds mostrat per l&#8217;actual govern valenci\u00e0 de Ximo Puig amb els nostres agricultors&#8221;.<\/p>\n","protected":false},"excerpt":{"rendered":"<div class=\"mh-excerpt\">El diputat auton\u00f2mic i portaveu Agricultura en Les Corts Valencianes, David Calvo, ha assegurat avui que una &#8220;vegada m\u00e9s els tribunals tornen a donar la ra\u00f3 i donen suport a la iniciativa de l&#8217;PSPV-PSOE per <a class=\"mh-excerpt-more\" href=\"https:\/\/tucomarca.whitekongsoftware.com\/ca\/el-psoe-es-felicita-perque-el-tsj-avale-el-treure-de-la-do-valencia-les-parcelles-dutiel-requena-i-alacant\/\" title=\"El PSOE es felicita perqu\u00e8 el TSJ avale el treure de la DO Val\u00e8ncia les parcel\u00b7les d&#8217;Utiel-Requena i Alacant\">[+] <\/a><\/div>\n","protected":false},"author":1,"featured_media":74337,"comment_status":"open","ping_status":"open","sticky":false,"template":"","format":"standard","meta":{"footnotes":""},"categories":[11006,10898,10948,10894,10947,10908,10909,10896,11059],"tags":[10910,10387],"class_list":["post-99124","post","type-post","status-publish","format-standard","has-post-thumbnail","category-canal-vinos","category-ventana-ca","category-infraestructuras-ca","category-la-comarca-ca","category-politica","category-requena-ca","category-requena-utiel-ca","category-seccion-ca","category-utiel-ca","tag-requena-utiel-ca","tag-requena-utiel"],"_links":{"self":[{"href":"https:\/\/tucomarca.whitekongsoftware.com\/ca\/wp-json\/wp\/v2\/posts\/99124","targetHints":{"allow":["GET"]}}],"collection":[{"href":"https:\/\/tucomarca.whitekongsoftware.com\/ca\/wp-json\/wp\/v2\/posts"}],"about":[{"href":"https:\/\/tucomarca.whitekongsoftware.com\/ca\/wp-json\/wp\/v2\/types\/post"}],"author":[{"embeddable":true,"href":"https:\/\/tucomarca.whitekongsoftware.com\/ca\/wp-json\/wp\/v2\/users\/1"}],"replies":[{"embeddable":true,"href":"https:\/\/tucomarca.whitekongsoftware.com\/ca\/wp-json\/wp\/v2\/comments?post=99124"}],"version-history":[{"count":0,"href":"https:\/\/tucomarca.whitekongsoftware.com\/ca\/wp-json\/wp\/v2\/posts\/99124\/revisions"}],"wp:featuredmedia":[{"embeddable":true,"href":"https:\/\/tucomarca.whitekongsoftware.com\/ca\/wp-json\/wp\/v2\/media\/74337"}],"wp:attachment":[{"href":"https:\/\/tucomarca.whitekongsoftware.com\/ca\/wp-json\/wp\/v2\/media?parent=99124"}],"wp:term":[{"taxonomy":"category","embeddable":true,"href":"https:\/\/tucomarca.whitekongsoftware.com\/ca\/wp-json\/wp\/v2\/categories?post=99124"},{"taxonomy":"post_tag","embeddable":true,"href":"https:\/\/tucomarca.whitekongsoftware.com\/ca\/wp-json\/wp\/v2\/tags?post=99124"}],"curies":[{"name":"wp","href":"https:\/\/api.w.org\/{rel}","templated":true}]}}