{"id":99118,"date":"2020-02-03T21:53:37","date_gmt":"2020-02-03T19:53:37","guid":{"rendered":"http:\/\/www.tucomarca.com\/wordpress\/segunda\/?p=99118"},"modified":"2020-02-03T21:53:46","modified_gmt":"2020-02-03T19:53:46","slug":"lorquestra-simfonica-unio-musical-de-lliria-i-la-jove-orquestra-unio-musical-de-benaguasil-guanyen-el-iv-concurs-bankia-dorquestres-de-la-comunitat","status":"publish","type":"post","link":"https:\/\/tucomarca.whitekongsoftware.com\/ca\/lorquestra-simfonica-unio-musical-de-lliria-i-la-jove-orquestra-unio-musical-de-benaguasil-guanyen-el-iv-concurs-bankia-dorquestres-de-la-comunitat\/","title":{"rendered":"L&#8217;Orquestra Simf\u00f2nica Uni\u00f3 Musical de Ll\u00edria i La Jove Orquestra Uni\u00f3 Musical de Benaguasil guanyen el IV Concurs Bankia d&#8217;Orquestres de la Comunitat"},"content":{"rendered":"\n<p class=\"wp-block-paragraph\"><strong>L&#8217;Orquestra Simf\u00f2nica Uni\u00f3 Musical de Ll\u00edria ha estat la guanyadora de la categoria Mart\u00edn i Soler.<br> La Jove Orquestra Uni\u00f3 Musical de Benaguasil ha estat la guanyadora de la categoria Salvador Giner<\/strong><\/p>\n\n\n\n<p class=\"wp-block-paragraph\">El Institut Valenci\u00e0 de Cultura (IVC), con la colaboraci\u00f3n de Bankia y la Federaci\u00f3n de Sociedades Musicales de la Comunitat Valenciana (FSMCV), ha clausurado este domingo en el Palau de les Arts el IV Concurso Bankia de Orquestas de la Comunitat Valenciana, en el cual ha intervenido en sesi\u00f3n matinal la Orquestra Simf\u00f2nica Uni\u00f3 Musical de Ll\u00edria.&nbsp;<\/p>\n\n\n\n<p class=\"wp-block-paragraph\">Esta iniciativa, enmarcada en el programa &#8216;Bankia Escolta Val\u00e8ncia&#8217;, da un protagonismo mayor al movimiento orquestal que existe dentro de las sociedades musicales valencianas.&nbsp;<\/p>\n\n\n\n<p class=\"wp-block-paragraph\">Su finalidad es promover y dar apoyo a la interpretaci\u00f3n y la difusi\u00f3n de la m\u00fasica como parte fundamental del patrimonio cultural valenciano, as\u00ed como la de fortalecer el entorno asociativo de las sociedades musicales y sus orquestas.&nbsp;<\/p>\n\n\n\n<p class=\"wp-block-paragraph\">En la categor\u00eda Salvador Giner, participaron la Jove Orquestra Uni\u00f3 Musical de Benaguasil, que interpret\u00f3 la &#8216;Sinfon\u00eda n\u00ba, 40&#8242; de Mozart y el &#8220;Idilio de Sigfrido&#8217; de Wagner, dirigidos por Vicent Balaguer.&nbsp;<\/p>\n\n\n\n<p class=\"wp-block-paragraph\">A continuaci\u00f3n intervino la Orquestra Ateneu Musical Schola Cantorum de la Vall d&#8217;Uix\u00f3 con la Obertura &#8216;Egmont&#8217; de Beethoven y la &#8216;Sinfon\u00eda n\u00ba 25&#8217; de Mozart, bajo la direcci\u00f3n de Sergi Costes Ferr\u00e9. Por \u00faltimo, la Orquestra de la Societat Musical d&#8217;Alzira interpret\u00f3 la Sinfon\u00eda n\u00ba 1 de Shubert y &#8216;Anacre\u00f3n&#8217; sinfon\u00eda para orquesta de c\u00e1mara de Francisco Zacar\u00e9s Fort bajo la direcci\u00f3n de Josep Ribes Villalta.&nbsp;<\/p>\n\n\n\n<p class=\"wp-block-paragraph\">Result\u00f3 ganadora en esta categor\u00eda la Jove Orquestra Uni\u00f3 Musical de Benaguasil y su director Vicent Balaguer.&nbsp;<\/p>\n\n\n\n<p class=\"wp-block-paragraph\">En la categor\u00eda Mart\u00edn i Soler ha actuado la Orquestra Simf\u00f2nica Uni\u00f3 Musical de Ll\u00edria que ha interpretado &#8216;Las H\u00e9bridas&#8217; de F\u00e9lix Mendelssohn y la &#8216;Sinfon\u00eda n\u00ba 9&#8217; de Anton Dvor\u00e1k, bajo la direcci\u00f3n de Pascual Cabanes Fabra.&nbsp;<\/p>\n\n\n\n<p class=\"wp-block-paragraph\">La vencedora en esta categor\u00eda fue la Orquestra Simf\u00f2nica Uni\u00f3 Musical de Ll\u00edria y su director Pascual Cabanes Fabra.<\/p>\n","protected":false},"excerpt":{"rendered":"<div class=\"mh-excerpt\">L&#8217;Orquestra Simf\u00f2nica Uni\u00f3 Musical de Ll\u00edria ha estat la guanyadora de la categoria Mart\u00edn i Soler. La Jove Orquestra Uni\u00f3 Musical de Benaguasil ha estat la guanyadora de la categoria Salvador Giner El Institut Valenci\u00e0 <a class=\"mh-excerpt-more\" href=\"https:\/\/tucomarca.whitekongsoftware.com\/ca\/lorquestra-simfonica-unio-musical-de-lliria-i-la-jove-orquestra-unio-musical-de-benaguasil-guanyen-el-iv-concurs-bankia-dorquestres-de-la-comunitat\/\" title=\"L&#8217;Orquestra Simf\u00f2nica Uni\u00f3 Musical de Ll\u00edria i La Jove Orquestra Uni\u00f3 Musical de Benaguasil guanyen el IV Concurs Bankia d&#8217;Orquestres de la Comunitat\">[+] <\/a><\/div>\n","protected":false},"author":1,"featured_media":99116,"comment_status":"open","ping_status":"open","sticky":false,"template":"","format":"standard","meta":{"footnotes":""},"categories":[10952,10892,11005,10898,10928,11007,10896],"tags":[10395],"class_list":["post-99118","post","type-post","status-publish","format-standard","has-post-thumbnail","category-benaguasil-ca","category-camp-de-turia-ca","category-canal-musica","category-ventana-ca","category-lliria-ca","category-ocio-y-cultura-ca","category-seccion-ca","tag-camp-de-turia"],"_links":{"self":[{"href":"https:\/\/tucomarca.whitekongsoftware.com\/ca\/wp-json\/wp\/v2\/posts\/99118","targetHints":{"allow":["GET"]}}],"collection":[{"href":"https:\/\/tucomarca.whitekongsoftware.com\/ca\/wp-json\/wp\/v2\/posts"}],"about":[{"href":"https:\/\/tucomarca.whitekongsoftware.com\/ca\/wp-json\/wp\/v2\/types\/post"}],"author":[{"embeddable":true,"href":"https:\/\/tucomarca.whitekongsoftware.com\/ca\/wp-json\/wp\/v2\/users\/1"}],"replies":[{"embeddable":true,"href":"https:\/\/tucomarca.whitekongsoftware.com\/ca\/wp-json\/wp\/v2\/comments?post=99118"}],"version-history":[{"count":0,"href":"https:\/\/tucomarca.whitekongsoftware.com\/ca\/wp-json\/wp\/v2\/posts\/99118\/revisions"}],"wp:featuredmedia":[{"embeddable":true,"href":"https:\/\/tucomarca.whitekongsoftware.com\/ca\/wp-json\/wp\/v2\/media\/99116"}],"wp:attachment":[{"href":"https:\/\/tucomarca.whitekongsoftware.com\/ca\/wp-json\/wp\/v2\/media?parent=99118"}],"wp:term":[{"taxonomy":"category","embeddable":true,"href":"https:\/\/tucomarca.whitekongsoftware.com\/ca\/wp-json\/wp\/v2\/categories?post=99118"},{"taxonomy":"post_tag","embeddable":true,"href":"https:\/\/tucomarca.whitekongsoftware.com\/ca\/wp-json\/wp\/v2\/tags?post=99118"}],"curies":[{"name":"wp","href":"https:\/\/api.w.org\/{rel}","templated":true}]}}