{"id":99079,"date":"2020-02-02T22:03:06","date_gmt":"2020-02-02T20:03:06","guid":{"rendered":"http:\/\/www.tucomarca.com\/wordpress\/segunda\/?p=99079"},"modified":"2020-02-03T21:51:46","modified_gmt":"2020-02-03T19:51:46","slug":"el-fum-despres-dun-accident-lleu-entre-un-turisme-i-un-camio-a-bunol-obliga-a-tallar-la-3","status":"publish","type":"post","link":"https:\/\/tucomarca.whitekongsoftware.com\/ca\/el-fum-despres-dun-accident-lleu-entre-un-turisme-i-un-camio-a-bunol-obliga-a-tallar-la-3\/","title":{"rendered":"El fum despr\u00e9s d&#8217;un accident lleu entre un turisme i un cami\u00f3 a Bu\u00f1ol obliga a tallar l&#8217;A-3"},"content":{"rendered":"\n<p class=\"wp-block-paragraph\">Tal com han informat fonts de l&#8217;consorci Provincial de Bombers, a conseq\u00fc\u00e8ncia de l&#8217;incendi produ\u00eft despr\u00e9s d&#8217;un accident lleu entre un cami\u00f3 i un turisme s&#8217;ha fet necessari tallar aquest diumenge l&#8217;Autovia A3 en sentit Madrid en el seu quil\u00f2metre 317, al terme municipal de Bu\u00f1ol , a causa de l&#8217;intens fum.<\/p>\n\n\n\n<p class=\"wp-block-paragraph\">Segons les mateixes fonts, s&#8217;ha incendiat la part posterior de l&#8217;cami\u00f3 i afortunadament no s&#8217;han vist persones atrapades al \u00edntegre de tots dos vehicles. A el lloc de l&#8217;accident han acudit dotacions dels parcs de bombers de Chiva aix\u00ed com de Requena.<\/p>\n","protected":false},"excerpt":{"rendered":"<div class=\"mh-excerpt\">Tal com han informat fonts de l&#8217;consorci Provincial de Bombers, a conseq\u00fc\u00e8ncia de l&#8217;incendi produ\u00eft despr\u00e9s d&#8217;un accident lleu entre un cami\u00f3 i un turisme s&#8217;ha fet necessari tallar aquest diumenge l&#8217;Autovia A3 en sentit <a class=\"mh-excerpt-more\" href=\"https:\/\/tucomarca.whitekongsoftware.com\/ca\/el-fum-despres-dun-accident-lleu-entre-un-turisme-i-un-camio-a-bunol-obliga-a-tallar-la-3\/\" title=\"El fum despr\u00e9s d&#8217;un accident lleu entre un turisme i un cami\u00f3 a Bu\u00f1ol obliga a tallar l&#8217;A-3\">[+] <\/a><\/div>\n","protected":false},"author":1,"featured_media":99077,"comment_status":"open","ping_status":"open","sticky":false,"template":"","format":"standard","meta":{"footnotes":""},"categories":[10911,10898,10894,10912,10896,10897],"tags":[5952],"class_list":["post-99079","post","type-post","status-publish","format-standard","has-post-thumbnail","category-bunol-ca","category-ventana-ca","category-la-comarca-ca","category-la-hoya-ca","category-seccion-ca","category-sucesos-la-comarca-ca","tag-la-hoya-de-bunol-chiva"],"_links":{"self":[{"href":"https:\/\/tucomarca.whitekongsoftware.com\/ca\/wp-json\/wp\/v2\/posts\/99079","targetHints":{"allow":["GET"]}}],"collection":[{"href":"https:\/\/tucomarca.whitekongsoftware.com\/ca\/wp-json\/wp\/v2\/posts"}],"about":[{"href":"https:\/\/tucomarca.whitekongsoftware.com\/ca\/wp-json\/wp\/v2\/types\/post"}],"author":[{"embeddable":true,"href":"https:\/\/tucomarca.whitekongsoftware.com\/ca\/wp-json\/wp\/v2\/users\/1"}],"replies":[{"embeddable":true,"href":"https:\/\/tucomarca.whitekongsoftware.com\/ca\/wp-json\/wp\/v2\/comments?post=99079"}],"version-history":[{"count":0,"href":"https:\/\/tucomarca.whitekongsoftware.com\/ca\/wp-json\/wp\/v2\/posts\/99079\/revisions"}],"wp:featuredmedia":[{"embeddable":true,"href":"https:\/\/tucomarca.whitekongsoftware.com\/ca\/wp-json\/wp\/v2\/media\/99077"}],"wp:attachment":[{"href":"https:\/\/tucomarca.whitekongsoftware.com\/ca\/wp-json\/wp\/v2\/media?parent=99079"}],"wp:term":[{"taxonomy":"category","embeddable":true,"href":"https:\/\/tucomarca.whitekongsoftware.com\/ca\/wp-json\/wp\/v2\/categories?post=99079"},{"taxonomy":"post_tag","embeddable":true,"href":"https:\/\/tucomarca.whitekongsoftware.com\/ca\/wp-json\/wp\/v2\/tags?post=99079"}],"curies":[{"name":"wp","href":"https:\/\/api.w.org\/{rel}","templated":true}]}}