{"id":99056,"date":"2020-01-31T22:50:44","date_gmt":"2020-01-31T20:50:44","guid":{"rendered":"http:\/\/www.tucomarca.com\/wordpress\/segunda\/?p=99056"},"modified":"2020-01-31T22:50:53","modified_gmt":"2020-01-31T20:50:53","slug":"ciutadans-es-congratula-per-aconseguir-el-suport-per-a-la-implantacio-de-maquines-de-reciclatge-denvasos-amb-incentius-a-alzira","status":"publish","type":"post","link":"https:\/\/tucomarca.whitekongsoftware.com\/ca\/ciutadans-es-congratula-per-aconseguir-el-suport-per-a-la-implantacio-de-maquines-de-reciclatge-denvasos-amb-incentius-a-alzira\/","title":{"rendered":"Ciutadans es congratula per aconseguir el suport per a la implantaci\u00f3 de m\u00e0quines de reciclatge d&#8217;envasos amb incentius a Alzira"},"content":{"rendered":"\n<p class=\"wp-block-paragraph\"><strong>La regidora de Ciutadans (Cs) Alzira, Clara Aled\u00f3n ha celebrat haver aconseguit el suport &#8220;per a la implantaci\u00f3 de m\u00e0quines de reciclatge d&#8217;envasos amb incentius a Alzira&#8221;.&nbsp;<\/strong>Aled\u00f3n ha explicat que<strong>&nbsp;&#8220;\u00e9s una forma d&#8217;incentivar el reciclatge i, al mateix temps, fomentar el comer\u00e7 local i la nostra programaci\u00f3 cultural, per exemple&#8221;.<\/strong><\/p>\n\n\n\n<p class=\"wp-block-paragraph\">&#8220;Aquesta proposta t\u00e9 com a objectiu aconseguir fomentar pr\u00e0ctiques responsables com la devoluci\u00f3 d&#8217;envasos&#8221;, ha declarat la regidora. A m\u00e9s, s&#8217;ha mostrat satisfeta perqu\u00e8 &#8220;l&#8217;equip de govern decidira sumar-se a aquesta proposta i poder presentar-la de manera conjunta en el ple, en qu\u00e8 va obtenir el vot favorable de la resta de grups pol\u00edtics&#8221;.<\/p>\n\n\n\n<p class=\"wp-block-paragraph\">D&#8217;altra banda, Aled\u00f3n ha matisat que &#8220;el text original ha estat modificat al incorporar algunes de les al\u00b7legacions que els membres de govern van fer&#8221;. &#8220;Aquestes incidien&#8221;, ha assenyalat la regidora de Ciutadans, &#8220;en posar en marxa aquesta iniciativa per\u00f2 mantenint la legalitat pel que fa al contracte d&#8217;Ecoembes i l&#8217;alt cost que pot suposar el transport dels envasos reciclats&#8221;.<\/p>\n\n\n\n<p class=\"wp-block-paragraph\">Sobre els pressupostos que s&#8217;aprovaven en el mateix ple, el portaveu de Ciutadans, Miguel Vidal, tamb\u00e9 ha manifestat que el seu grup &#8220;va votar en contra d&#8217;ells perqu\u00e8 \u00e9s un pressupost basat \u00fanicament en la despesa i quasi sense inversions reals, que deixa fora partides necess\u00e0ries per respondre a les demandes d&#8217;agricultors i comerciants o empresaris &#8220;. Aix\u00ed mateix, ha destacat, &#8220;la necessitat de realitzar la revisi\u00f3 cadastral perqu\u00e8 els impostos que paguen els ve\u00efns estiguen calculats sobre els valors reals dels seus immobles i no els actuals, calculats en els anys del &#8216;boom&#8217; immobiliari&#8221;.<\/p>\n","protected":false},"excerpt":{"rendered":"<div class=\"mh-excerpt\">La regidora de Ciutadans (Cs) Alzira, Clara Aled\u00f3n ha celebrat haver aconseguit el suport &#8220;per a la implantaci\u00f3 de m\u00e0quines de reciclatge d&#8217;envasos amb incentius a Alzira&#8221;.&nbsp;Aled\u00f3n ha explicat que&nbsp;&#8220;\u00e9s una forma d&#8217;incentivar el reciclatge <a class=\"mh-excerpt-more\" href=\"https:\/\/tucomarca.whitekongsoftware.com\/ca\/ciutadans-es-congratula-per-aconseguir-el-suport-per-a-la-implantacio-de-maquines-de-reciclatge-denvasos-amb-incentius-a-alzira\/\" title=\"Ciutadans es congratula per aconseguir el suport per a la implantaci\u00f3 de m\u00e0quines de reciclatge d&#8217;envasos amb incentius a Alzira\">[+] <\/a><\/div>\n","protected":false},"author":1,"featured_media":99054,"comment_status":"open","ping_status":"open","sticky":false,"template":"","format":"standard","meta":{"footnotes":""},"categories":[10889,10948,10894,10902,10903,10947,10896],"tags":[3640,11077],"class_list":["post-99056","post","type-post","status-publish","format-standard","has-post-thumbnail","category-alzira-cat","category-infraestructuras-ca","category-la-comarca-ca","category-la-ribera-ca","category-medio-ambiente-la-comarca-ca","category-politica","category-seccion-ca","tag-la-ribera-alta","tag-la-ribera-alta-ca"],"_links":{"self":[{"href":"https:\/\/tucomarca.whitekongsoftware.com\/ca\/wp-json\/wp\/v2\/posts\/99056","targetHints":{"allow":["GET"]}}],"collection":[{"href":"https:\/\/tucomarca.whitekongsoftware.com\/ca\/wp-json\/wp\/v2\/posts"}],"about":[{"href":"https:\/\/tucomarca.whitekongsoftware.com\/ca\/wp-json\/wp\/v2\/types\/post"}],"author":[{"embeddable":true,"href":"https:\/\/tucomarca.whitekongsoftware.com\/ca\/wp-json\/wp\/v2\/users\/1"}],"replies":[{"embeddable":true,"href":"https:\/\/tucomarca.whitekongsoftware.com\/ca\/wp-json\/wp\/v2\/comments?post=99056"}],"version-history":[{"count":0,"href":"https:\/\/tucomarca.whitekongsoftware.com\/ca\/wp-json\/wp\/v2\/posts\/99056\/revisions"}],"wp:featuredmedia":[{"embeddable":true,"href":"https:\/\/tucomarca.whitekongsoftware.com\/ca\/wp-json\/wp\/v2\/media\/99054"}],"wp:attachment":[{"href":"https:\/\/tucomarca.whitekongsoftware.com\/ca\/wp-json\/wp\/v2\/media?parent=99056"}],"wp:term":[{"taxonomy":"category","embeddable":true,"href":"https:\/\/tucomarca.whitekongsoftware.com\/ca\/wp-json\/wp\/v2\/categories?post=99056"},{"taxonomy":"post_tag","embeddable":true,"href":"https:\/\/tucomarca.whitekongsoftware.com\/ca\/wp-json\/wp\/v2\/tags?post=99056"}],"curies":[{"name":"wp","href":"https:\/\/api.w.org\/{rel}","templated":true}]}}