{"id":99034,"date":"2020-01-31T22:21:15","date_gmt":"2020-01-31T20:21:15","guid":{"rendered":"http:\/\/www.tucomarca.com\/wordpress\/segunda\/?p=99034"},"modified":"2020-01-31T22:24:34","modified_gmt":"2020-01-31T20:24:34","slug":"csif-demana-la-cobertura-duna-placa-dcardioleg-i-una-altra-de-pediatre-a-requena-que-porten-12-i-8-mesos-vacants","status":"publish","type":"post","link":"https:\/\/tucomarca.whitekongsoftware.com\/ca\/csif-demana-la-cobertura-duna-placa-dcardioleg-i-una-altra-de-pediatre-a-requena-que-porten-12-i-8-mesos-vacants\/","title":{"rendered":"CSIF demana la cobertura d&#8217;una pla\u00e7a d&#8217;cardi\u00f2leg i una altra de pediatre a Requena que porten 12 i 8 mesos vacants"},"content":{"rendered":"\n<p class=\"wp-block-paragraph\">El sindicat CSIF ha demanat a la Direcci\u00f3 de Departament de Salut de Requena que cobreixi una pla\u00e7a de cardi\u00f2leg a l&#8217;hospital i una altra de pediatre al centre de salut de Requena. A m\u00e9s, tamb\u00e9 ha alertat de la precarietat en una pla\u00e7a d&#8217;especialista en Microbiologia, amb m\u00e9s de 30 contractes de curta durada en 2019.<\/p>\n\n\n\n<p class=\"wp-block-paragraph\">La Central Sindical Independent i de Funcionaris (CSIF) explica en el seu escrit a Sanitat que des de febrer de 2019 l&#8217;Hospital de Requena compta amb nom\u00e9s un facultatiu especialista en Cardiologia en lloc dels dos que li corresponen. El sindicat insta la Direcci\u00f3 de Departament de Salut a qu\u00e8 solucioni aquesta situaci\u00f3 i reforci el servei.<\/p>\n\n\n\n<p class=\"wp-block-paragraph\">CSIF tamb\u00e9 exposa que &#8220;al maig de 2019 va ser concedida al nostre departament una quarta pla\u00e7a de Pediatria en Atenci\u00f3 Prim\u00e0ria al centre de salut de Requena&#8221;. No obstant aix\u00f2, i malgrat haver transcorregut vuit mesos, &#8220;segueix sense cobrir-se&#8221;. CSIF recorda en el seu escrit que &#8220;es tracta d&#8217;una necessitat urgent, ja que els pediatres de la Zona 4 de Departament realitzen despla\u00e7aments a diversos nuclis de poblaci\u00f3, a m\u00e9s de l&#8217;elevat nombre de nens als que passen consulta&#8221;.<\/p>\n\n\n\n<p class=\"wp-block-paragraph\">La central sindical igualment adverteix que &#8220;durant 2019 s&#8217;ha estat contractant en condicions de precarietat a un facultatiu de Microbiologia. S&#8217;han produ\u00eft fins a 34 dies i gaireb\u00e9 tants contractes de substituci\u00f3 de l&#8217;\u00fanic especialista en Microbiologia, a m\u00e9s del seu per\u00edode de vacances &#8220;. En aquesta conjuntura, i davant la dificultat per trobar especialistes, el sindicat reclama un refor\u00e7 permanent de el servei i que s&#8217;acabi amb l&#8217;actual precarietat.<\/p>\n","protected":false},"excerpt":{"rendered":"<div class=\"mh-excerpt\">El sindicat CSIF ha demanat a la Direcci\u00f3 de Departament de Salut de Requena que cobreixi una pla\u00e7a de cardi\u00f2leg a l&#8217;hospital i una altra de pediatre al centre de salut de Requena. A m\u00e9s, <a class=\"mh-excerpt-more\" href=\"https:\/\/tucomarca.whitekongsoftware.com\/ca\/csif-demana-la-cobertura-duna-placa-dcardioleg-i-una-altra-de-pediatre-a-requena-que-porten-12-i-8-mesos-vacants\/\" title=\"CSIF demana la cobertura d&#8217;una pla\u00e7a d&#8217;cardi\u00f2leg i una altra de pediatre a Requena que porten 12 i 8 mesos vacants\">[+] <\/a><\/div>\n","protected":false},"author":1,"featured_media":99035,"comment_status":"open","ping_status":"open","sticky":false,"template":"","format":"standard","meta":{"footnotes":""},"categories":[11010,10948,10894,10908,10909,10896],"tags":[10387],"class_list":["post-99034","post","type-post","status-publish","format-standard","has-post-thumbnail","category-canal-salud","category-infraestructuras-ca","category-la-comarca-ca","category-requena-ca","category-requena-utiel-ca","category-seccion-ca","tag-requena-utiel"],"_links":{"self":[{"href":"https:\/\/tucomarca.whitekongsoftware.com\/ca\/wp-json\/wp\/v2\/posts\/99034","targetHints":{"allow":["GET"]}}],"collection":[{"href":"https:\/\/tucomarca.whitekongsoftware.com\/ca\/wp-json\/wp\/v2\/posts"}],"about":[{"href":"https:\/\/tucomarca.whitekongsoftware.com\/ca\/wp-json\/wp\/v2\/types\/post"}],"author":[{"embeddable":true,"href":"https:\/\/tucomarca.whitekongsoftware.com\/ca\/wp-json\/wp\/v2\/users\/1"}],"replies":[{"embeddable":true,"href":"https:\/\/tucomarca.whitekongsoftware.com\/ca\/wp-json\/wp\/v2\/comments?post=99034"}],"version-history":[{"count":0,"href":"https:\/\/tucomarca.whitekongsoftware.com\/ca\/wp-json\/wp\/v2\/posts\/99034\/revisions"}],"wp:featuredmedia":[{"embeddable":true,"href":"https:\/\/tucomarca.whitekongsoftware.com\/ca\/wp-json\/wp\/v2\/media\/99035"}],"wp:attachment":[{"href":"https:\/\/tucomarca.whitekongsoftware.com\/ca\/wp-json\/wp\/v2\/media?parent=99034"}],"wp:term":[{"taxonomy":"category","embeddable":true,"href":"https:\/\/tucomarca.whitekongsoftware.com\/ca\/wp-json\/wp\/v2\/categories?post=99034"},{"taxonomy":"post_tag","embeddable":true,"href":"https:\/\/tucomarca.whitekongsoftware.com\/ca\/wp-json\/wp\/v2\/tags?post=99034"}],"curies":[{"name":"wp","href":"https:\/\/api.w.org\/{rel}","templated":true}]}}