{"id":99012,"date":"2020-01-31T21:29:11","date_gmt":"2020-01-31T19:29:11","guid":{"rendered":"http:\/\/www.tucomarca.com\/wordpress\/segunda\/?p=99012"},"modified":"2020-01-31T21:29:19","modified_gmt":"2020-01-31T19:29:19","slug":"el-diputat-de-cultura-xavier-rius-ressalta-el-patrimoni-iber-i-roma-de-que-disposa-villar-del-arzobispo","status":"publish","type":"post","link":"https:\/\/tucomarca.whitekongsoftware.com\/ca\/el-diputat-de-cultura-xavier-rius-ressalta-el-patrimoni-iber-i-roma-de-que-disposa-villar-del-arzobispo\/","title":{"rendered":"El diputat de Cultura, Xavier Rius, ressalta el patrimoni iber i rom\u00e0 de qu\u00e8 disposa Villar del Arzobispo"},"content":{"rendered":"\n<p class=\"wp-block-paragraph\">El diputat de cultura, Xavier Rius, ha visitat la localitat de Villar del Arzobispo, en una visita institucional a este municipi dels Serrans per a entrevistar-se amb l&#8217;alcaldessa de la localitat, Mari \u00c1ngeles Beaus, el regidor de patrimoni, Rafa Gil i el cronista oficial de la vila, C\u00e9sar Salve.<\/p>\n\n\n\n<p class=\"wp-block-paragraph\">La reuni\u00f3 s&#8217;ha convocat per a con\u00e9ixer de primera m\u00e0 les inquietuds culturals d&#8217;esta localitat, i d&#8217;un territori especialment sensible als problemes de despoblaci\u00f3 i infraestructures. Xavier Rius ha conegut per part del cronista oficial, l&#8217;enorme potencial i patrimoni encara per investigar que reuneix el terme municipal, tant d&#8217;\u00e8poca ibera com romana. Els fons han anat nodrint la col\u00b7lecci\u00f3 que conforma el museu arqueol\u00f2gic municipal, actualment en fase de remodelaci\u00f3.<\/p>\n\n\n\n<p class=\"wp-block-paragraph\">El diputat de Cultura tamb\u00e9 ha pogut donar compte de les actuacions en mat\u00e8ria cultural que s&#8217;han impulsat des del SARC, un servei adscrit a l&#8217;\u00e0rea de cultura i que orienta els seus esfor\u00e7os tant a l&#8217;assist\u00e8ncia t\u00e8cnica com a l&#8217;aportaci\u00f3 de recursos econ\u00f2mics a les programacions culturals dels municipis de les comarques valencianes.<\/p>\n\n\n\n<p class=\"wp-block-paragraph\">Per al diputat Rius, el paper de la cultura en la lluita contra la despoblaci\u00f3 interior \u00e9s fonamental, i per este motiu \u201chem de continuar fomentant totes aquelles accions encaminades a posar en valor el nostre patrimoni cultural, i a crear els est\u00edmuls necessaris per a una cultura mancomunada i descentralitzada\u201d, ha manifestat.<\/p>\n\n\n\n<p class=\"wp-block-paragraph\">Aix\u00ed, per exemple, des de l&#8217;\u00e0rea de Cultura s&#8217;ha pogut col\u00b7laborar en el programa \u201cJazz a la Serran\u00eda\u201d, que despr\u00e9s de quatre edicions ha pogut consolidar un circuit de jazz de gran qualitat, tant a Villar com en 10 localitats m\u00e9s de la zona, com s\u00f3n: Alcublas, Alpuente, Andilla, Bugarra, Chelva, Chulilla, Gestalgar, Higueruelas, Sot de Chera i La Yesa. L&#8217;aportaci\u00f3 del SARC sufraga fins a un 80% de la inversi\u00f3 que comporta este festival.<\/p>\n\n\n\n<p class=\"wp-block-paragraph\">Des del SARC tamb\u00e9 s&#8217;han impulsat campanyes d&#8217;est\u00edmul a la lectura, on a m\u00e9s de Villar del Arzobispo participen huit municipis m\u00e9s de les comarques dels Serrans i de Camp de T\u00faria.<\/p>\n\n\n\n<p class=\"wp-block-paragraph\">Abans de marxar s&#8217;ha realitzat una visita conjunta als terrenys del camp d&#8217;aviaci\u00f3 de l&#8217;Ex\u00e8rcit de la Rep\u00fablica, que va ser seu de l&#8217;alt comandament i centre molt actiu durant la Guerra Civil, per la proximitat de la l\u00ednia de defensa XYZ. La corporaci\u00f3 ha manifestat el seu inter\u00e9s a posar en valor este espai i tot el que comporta en relaci\u00f3 a la recuperaci\u00f3 de la mem\u00f2ria hist\u00f2rica del municipi de Villar.<br><\/p>\n","protected":false},"excerpt":{"rendered":"<div class=\"mh-excerpt\">El diputat de cultura, Xavier Rius, ha visitat la localitat de Villar del Arzobispo, en una visita institucional a este municipi dels Serrans per a entrevistar-se amb l&#8217;alcaldessa de la localitat, Mari \u00c1ngeles Beaus, el <a class=\"mh-excerpt-more\" href=\"https:\/\/tucomarca.whitekongsoftware.com\/ca\/el-diputat-de-cultura-xavier-rius-ressalta-el-patrimoni-iber-i-roma-de-que-disposa-villar-del-arzobispo\/\" title=\"El diputat de Cultura, Xavier Rius, ressalta el patrimoni iber i rom\u00e0 de qu\u00e8 disposa Villar del Arzobispo\">[+] <\/a><\/div>\n","protected":false},"author":1,"featured_media":99010,"comment_status":"open","ping_status":"open","sticky":false,"template":"","format":"standard","meta":{"footnotes":""},"categories":[11046,10898,10948,10894,11007,10947,10896,11029],"tags":[3677,11246,11119,10428],"class_list":["post-99012","post","type-post","status-publish","format-standard","has-post-thumbnail","category-los-serranos-ca","category-ventana-ca","category-infraestructuras-ca","category-la-comarca-ca","category-ocio-y-cultura-ca","category-politica","category-seccion-ca","category-villar-del-arzobispo-ca","tag-diputacio-de-valencia","tag-diputacio-de-valencia-ca","tag-villar-del-arzobispo-ca","tag-villar-del-arzobispo"],"_links":{"self":[{"href":"https:\/\/tucomarca.whitekongsoftware.com\/ca\/wp-json\/wp\/v2\/posts\/99012","targetHints":{"allow":["GET"]}}],"collection":[{"href":"https:\/\/tucomarca.whitekongsoftware.com\/ca\/wp-json\/wp\/v2\/posts"}],"about":[{"href":"https:\/\/tucomarca.whitekongsoftware.com\/ca\/wp-json\/wp\/v2\/types\/post"}],"author":[{"embeddable":true,"href":"https:\/\/tucomarca.whitekongsoftware.com\/ca\/wp-json\/wp\/v2\/users\/1"}],"replies":[{"embeddable":true,"href":"https:\/\/tucomarca.whitekongsoftware.com\/ca\/wp-json\/wp\/v2\/comments?post=99012"}],"version-history":[{"count":0,"href":"https:\/\/tucomarca.whitekongsoftware.com\/ca\/wp-json\/wp\/v2\/posts\/99012\/revisions"}],"wp:featuredmedia":[{"embeddable":true,"href":"https:\/\/tucomarca.whitekongsoftware.com\/ca\/wp-json\/wp\/v2\/media\/99010"}],"wp:attachment":[{"href":"https:\/\/tucomarca.whitekongsoftware.com\/ca\/wp-json\/wp\/v2\/media?parent=99012"}],"wp:term":[{"taxonomy":"category","embeddable":true,"href":"https:\/\/tucomarca.whitekongsoftware.com\/ca\/wp-json\/wp\/v2\/categories?post=99012"},{"taxonomy":"post_tag","embeddable":true,"href":"https:\/\/tucomarca.whitekongsoftware.com\/ca\/wp-json\/wp\/v2\/tags?post=99012"}],"curies":[{"name":"wp","href":"https:\/\/api.w.org\/{rel}","templated":true}]}}