{"id":98997,"date":"2020-01-31T21:14:43","date_gmt":"2020-01-31T19:14:43","guid":{"rendered":"http:\/\/www.tucomarca.com\/wordpress\/segunda\/?p=98997"},"modified":"2020-01-31T21:14:50","modified_gmt":"2020-01-31T19:14:50","slug":"el-concurs-bankia-dorquestres-de-la-comunitat-valenciana-celebra-la-seua-quarta-edicio-aquest-cap-de-setmana","status":"publish","type":"post","link":"https:\/\/tucomarca.whitekongsoftware.com\/ca\/el-concurs-bankia-dorquestres-de-la-comunitat-valenciana-celebra-la-seua-quarta-edicio-aquest-cap-de-setmana\/","title":{"rendered":"El &#8216;Concurs Bankia d&#8217;Orquestres de la Comunitat Valenciana&#8217; celebra la seua quarta edici\u00f3 aquest cap de setmana"},"content":{"rendered":"\n<p class=\"wp-block-paragraph\">El &#8216;IV Concurs Bankia d&#8217;Orquestres de la Comunitat Valenciana&#8217;, organitzat per l&#8217;Institut Valenci\u00e0 de Cultura (IVC) amb la col\u00b7laboraci\u00f3 de Bankia i la Federaci\u00f3 de Societats Musicals de la Comunitat Valenciana (FSMCV), se celebrar\u00e0 aquest cap de setmana, per quart any consecutiu, al Palau de les Arts de Val\u00e8ncia.<\/p>\n\n\n\n<p class=\"wp-block-paragraph\">El concurs, dirigit a les orquestres no professionals pertanyents a les societats musicals valencianes federades en la FSMCV, compta amb dues categories. D&#8217;una banda, la categoria &#8216;Salvador Giner&#8217;, tindr\u00e0 lloc aquest dissabte 1 de febrer a partir de les 16:30 hores. Hi intervindr\u00e0 la &#8216;Jove Orquestra Uni\u00f3 Musical de Benaguasil&#8217; dirigida per Vicent Balaguer i, despr\u00e9s, ser\u00e0 el torn de la &#8216;Orquestra Ateneu Musical Schola Cantorum de la Vall d&#8217;Uix\u00f3&#8217;, dirigida per Sergi Costos Ferr\u00e9 i de la &#8216;Orquestra de la Societat muscial d&#8217;Alzira &#8216;, sota la batuta de Josep Ribes Villaba.<\/p>\n\n\n\n<p class=\"wp-block-paragraph\">D&#8217;altra banda, el diumenge 2 de febrer se celebrar\u00e0 la categoria &#8216;Martin i Soler&#8217;, a les 12:00 hores. En aquesta secci\u00f3 es podr\u00e0 gaudir de l&#8217;actuaci\u00f3 de la &#8216;Orquestra Simf\u00f2nica Uni\u00f3 Musical de Ll\u00edria&#8217;, dirigida per Pascual Cabanes Fabra. Tots els concerts disposen d&#8217;entrada lliure fins a completar aforament.<\/p>\n\n\n\n<p class=\"wp-block-paragraph\">L&#8217;orquestra guanyadora en cada categoria rebr\u00e0 un premi amb una dotaci\u00f3 econ\u00f2mica de 6.000 euros. A m\u00e9s, el jurat concedir\u00e0 un premi de 1.500 euros a el millor director de les orquestres participants en cadascuna de les categories.<\/p>\n\n\n\n<p class=\"wp-block-paragraph\">A m\u00e9s, amb l&#8217;objectiu de seguir fomentant el teixit orquestral valenci\u00e0, les dues orquestres guanyadores de l&#8217;concurs i les dues que hagin tingut la segona millor puntuaci\u00f3 en cada categoria participaran en el &#8216;Festival Bankia d&#8217;Orquestres de la Comunitat Valenciana&#8217;, la segona edici\u00f3, amb els guanyadors de el concurs de l&#8217;any anterior, tindr\u00e0 lloc en el segon semestre del 2020.<\/p>\n\n\n\n<p class=\"wp-block-paragraph\">El director corporatiu de la Territorial de Bankia a Val\u00e8ncia i Castell\u00f3, Jaime Casas, ha subratllat que &#8220;aquesta iniciativa, emmarcada en &#8216;Bankia Escolta Val\u00e8ncia, forma part de el suport global que des de l&#8217;entitat donem a la m\u00fasica ia les societats musicals a la Comunitat Valenciana &#8220;. &#8220;Creiem fermament en que la m\u00fasica \u00e9s una de les formes de desenvolupament personal i cultural m\u00e9s arrelada en les tres prov\u00edncies i per aix\u00f2, un any m\u00e9s, estem implicats a el m\u00e0xim&#8221;, ha remarcat.<\/p>\n\n\n\n<p class=\"wp-block-paragraph\">La presidenta de la FSMCV, Daniela Gonz\u00e1lez, ha manifestat que &#8220;\u00e9s una satisfacci\u00f3 comprovar que aquest projecte arriba ja la seva quarta edici\u00f3, la qual cosa posa de manifest el potencial orquestral de les nostres societats musicals. Aix\u00f2 ens impulsa a seguir treballant pel foment de el teixit orquestral a la Comunitat Valenciana, que segueix creixent tant en nombre com en qualitat i, sobretot, mostrar-ho a l&#8217;p\u00fabic i compartir-lo amb la societat &#8220;.<\/p>\n\n\n\n<p class=\"wp-block-paragraph\">Per la seva banda, la directora adjunta de M\u00fasica i Cultura Popular de l&#8217;IVC, Marga Landete, ha destacat que &#8220;el concurs garanteix activitat durant tot un any a les orquestres participants, ja que el completem amb un cicle de concerts i un Festival. D&#8217;aquesta manera, les orquestres es van consolidant dins de les seves respectives societats musicals i els m\u00fasics troben una motivaci\u00f3 m\u00e9s per continuar els seus estudis &#8220;.&#8221; L&#8217;objectiu \u00e9s aconseguir amb els instrumentistes de corda valencians el mateix que ja s&#8217;ha aconseguit amb els de vent, que tinguin pres\u00e8ncia a les millors orquestres de el m\u00f3n &#8220;, ha afegit.<\/p>\n\n\n\n<p class=\"wp-block-paragraph\">Aquesta iniciativa forma part d&#8217;el projecte &#8216;Bankia Escolta Val\u00e8ncia&#8217; dirigit a promocionar i donar suport a la m\u00fasica a la Comunitat Valenciana i a el moviment associatiu musical. Amb aquest concurs es pret\u00e9n promoure i donar suport a la interpretaci\u00f3 i la difusi\u00f3 de la m\u00fasica simf\u00f2nica com a part fonamental de el patrimoni cultural valenci\u00e0, aix\u00ed com enfortir l&#8217;entorn associatiu de les societats musicals i les seves orquestres.<\/p>\n\n\n\n<p class=\"wp-block-paragraph\">Per aix\u00f2, i en paral\u00b7lel a aquest Concurs, aquest projecte es complementa amb altres iniciatives com el &#8216;Cicle de concerts Bankia d&#8217;Orquestres de la Comunitat Valenciana&#8217; i el &#8216;Festival Bankia d&#8217;Orquestres de la Comunitat Valenciana&#8217;, celebrats anualment.<\/p>\n\n\n\n<p class=\"wp-block-paragraph\">Per a aquesta quarta edici\u00f3 el jurat estar\u00e0 format per Enrique Garc\u00eda Asensio (president) i Sa\u00fcl G\u00f3mez i Isabel Villanueva (vocals), amb Pere Manuel Arag\u00f3 de secretari i Mar\u00eda Jos\u00e9 Albors de subsecret\u00e0ria. L&#8217;esdeveniment ser\u00e0 presentat per Laura Grande.<\/p>\n","protected":false},"excerpt":{"rendered":"<div class=\"mh-excerpt\">El &#8216;IV Concurs Bankia d&#8217;Orquestres de la Comunitat Valenciana&#8217;, organitzat per l&#8217;Institut Valenci\u00e0 de Cultura (IVC) amb la col\u00b7laboraci\u00f3 de Bankia i la Federaci\u00f3 de Societats Musicals de la Comunitat Valenciana (FSMCV), se celebrar\u00e0 aquest <a class=\"mh-excerpt-more\" href=\"https:\/\/tucomarca.whitekongsoftware.com\/ca\/el-concurs-bankia-dorquestres-de-la-comunitat-valenciana-celebra-la-seua-quarta-edicio-aquest-cap-de-setmana\/\" title=\"El &#8216;Concurs Bankia d&#8217;Orquestres de la Comunitat Valenciana&#8217; celebra la seua quarta edici\u00f3 aquest cap de setmana\">[+] <\/a><\/div>\n","protected":false},"author":1,"featured_media":98996,"comment_status":"open","ping_status":"open","sticky":false,"template":"","format":"standard","meta":{"footnotes":""},"categories":[11019,10889,10952,10892,11005,10902,10928,11007,10896],"tags":[],"class_list":["post-98997","post","type-post","status-publish","format-standard","has-post-thumbnail","category-agenda-ca","category-alzira-cat","category-benaguasil-ca","category-camp-de-turia-ca","category-canal-musica","category-la-ribera-ca","category-lliria-ca","category-ocio-y-cultura-ca","category-seccion-ca"],"_links":{"self":[{"href":"https:\/\/tucomarca.whitekongsoftware.com\/ca\/wp-json\/wp\/v2\/posts\/98997","targetHints":{"allow":["GET"]}}],"collection":[{"href":"https:\/\/tucomarca.whitekongsoftware.com\/ca\/wp-json\/wp\/v2\/posts"}],"about":[{"href":"https:\/\/tucomarca.whitekongsoftware.com\/ca\/wp-json\/wp\/v2\/types\/post"}],"author":[{"embeddable":true,"href":"https:\/\/tucomarca.whitekongsoftware.com\/ca\/wp-json\/wp\/v2\/users\/1"}],"replies":[{"embeddable":true,"href":"https:\/\/tucomarca.whitekongsoftware.com\/ca\/wp-json\/wp\/v2\/comments?post=98997"}],"version-history":[{"count":0,"href":"https:\/\/tucomarca.whitekongsoftware.com\/ca\/wp-json\/wp\/v2\/posts\/98997\/revisions"}],"wp:featuredmedia":[{"embeddable":true,"href":"https:\/\/tucomarca.whitekongsoftware.com\/ca\/wp-json\/wp\/v2\/media\/98996"}],"wp:attachment":[{"href":"https:\/\/tucomarca.whitekongsoftware.com\/ca\/wp-json\/wp\/v2\/media?parent=98997"}],"wp:term":[{"taxonomy":"category","embeddable":true,"href":"https:\/\/tucomarca.whitekongsoftware.com\/ca\/wp-json\/wp\/v2\/categories?post=98997"},{"taxonomy":"post_tag","embeddable":true,"href":"https:\/\/tucomarca.whitekongsoftware.com\/ca\/wp-json\/wp\/v2\/tags?post=98997"}],"curies":[{"name":"wp","href":"https:\/\/api.w.org\/{rel}","templated":true}]}}