{"id":98986,"date":"2020-01-30T21:56:50","date_gmt":"2020-01-30T19:56:50","guid":{"rendered":"http:\/\/www.tucomarca.com\/wordpress\/segunda\/?p=98986"},"modified":"2020-01-30T21:59:16","modified_gmt":"2020-01-30T19:59:16","slug":"la-diputacio-presenta-una-10k-fem-consolidada-com-a-referent-de-lesport-femeni-a-valencia","status":"publish","type":"post","link":"https:\/\/tucomarca.whitekongsoftware.com\/ca\/la-diputacio-presenta-una-10k-fem-consolidada-com-a-referent-de-lesport-femeni-a-valencia\/","title":{"rendered":"La Diputaci\u00f3 presenta una 10K Fem consolidada com a referent de l&#8217;esport femen\u00ed a Val\u00e8ncia"},"content":{"rendered":"\n<p class=\"wp-block-paragraph\">La Diputaci\u00f3 de Val\u00e8ncia ha acollit la presentaci\u00f3 de la Carrera 10KFem, pionera en la seua dist\u00e0ncia a nivell nacional en categoria femenina, que enguany aconsegueix la seua sisena edici\u00f3. El pr\u00f2xim 8 de mar\u00e7, dins dels actes de celebraci\u00f3 del Dia de la Dona, tindr\u00e0 lloc un esdeveniment que t\u00e9 com a objectiu primordial el foment de la pr\u00e0ctica esportiva entre les dones, amb la finalitat de promoure la igualtat real en aquest \u00e0mbit.<\/p>\n\n\n\n<p class=\"wp-block-paragraph\">D&#8217;esta manera, la Diputaci\u00f3 continua ferma en la seua aposta per acostar l&#8217;esport a les dones. En este sentit, el diputat d&#8217;Esports, Andr\u00e9s Campos, ha subratllat \u201cque no hi ha millor vehicle que l&#8217;esport per a transmetre i fer visibles a la resta de la societat valores com la igualtat, la salut i la solidaritat\u201d.<\/p>\n\n\n\n<p class=\"wp-block-paragraph\">Campos tamb\u00e9 ha destacat que \u201cel lema de la competici\u00f3, \u2018Una carrera d&#8217;elit per a les corredores populars, i la millor carrera popular per a les corredores d&#8217;elit\u2019, defineix molt b\u00e9 el que significa este esdeveniment\u201d.<\/p>\n\n\n\n<p class=\"wp-block-paragraph\">Aix\u00ed mateix, la presidenta de Nosaltres Esportistes, Meravelles Aparicio ha assegurat que el que difer\u00e8ncia a esta carrera amb les altres \u00e9s \u201cla intenci\u00f3 de visibilitzar l&#8217;esport femen\u00ed i ajudar a augmentar el percentatge de participaci\u00f3 de les dones en la resta de proves\u201d.<\/p>\n\n\n\n<p class=\"wp-block-paragraph\">La prova, que es troba dins del calendari oficial de carreres de Val\u00e8ncia, es disputar\u00e0 el diumenge 8 de mar\u00e7 a les 9 hores i transcorrer\u00e0 per un circuit \u00edntegrament urb\u00e0. L&#8217;eixida i la meta se situaran en el mateix punt, el passeig de l&#8217;Albereda (entre pont del Real i pont de l&#8217;Exposici\u00f3) i el recorregut passar\u00e0 per llocs emblem\u00e0tics de la ciutat com l&#8217;Ajuntament, Mestalla o la Ciutat de les Arts.<\/p>\n\n\n\n<p class=\"wp-block-paragraph\">En el vessant solidari, l&#8217;organitzaci\u00f3 continua destinant els fons recaptats amb les aportacions que realitzen les participants en les diferents activitats que giren entorn d&#8217;este esdeveniment a una entitat sense \u00e0nim de lucre, en aquesta ocasi\u00f3 per a l&#8217;Associaci\u00f3 d&#8217;Afectades d&#8217;Endometriosis Val\u00e8ncia.<\/p>\n\n\n\n<p class=\"wp-block-paragraph\"><strong>Quedades de Running Femen\u00ed<\/strong><\/p>\n\n\n\n<p class=\"wp-block-paragraph\">Una any m\u00e9s, Nosaltres Esportistes ha volgut complementar la carrera amb una s\u00e8rie de sessions d&#8217;entrenament pr\u00e8vies, les conegudes com quedades 10KFem. Dirigides per entrenadores i corredores referents del running, estos entrenaments comprenen calfament, t\u00e8cnica de carrera, canvis de ritme i consells professionals per a aconseguir objectius esportius i metes en els nivells d&#8217;iniciaci\u00f3 i avan\u00e7at. Es desenvoluparan en ciutats de la prov\u00edncia com Cullera, Manises. Torrent, Sagunt i Gandia. A m\u00e9s, com a novetat enguany una de les quedades eixir\u00e0 de la Comunitat Valenciana per a celebrar-se a Madrid.<\/p>\n\n\n\n<p class=\"wp-block-paragraph\">\u201cEl que es pret\u00e9n amb estes sessions \u00e9s que les xiques, que al principi veuen com una cosa molt llunyana la possibilitat de completar una 10K, vegen a poc a poc que aconseguir aqueix objectiu, a base d&#8217;esfor\u00e7, est\u00e0 al seu abast\u201d, ha concl\u00f2s Meravelles Aparicio.<br><\/p>\n","protected":false},"excerpt":{"rendered":"<div class=\"mh-excerpt\">La Diputaci\u00f3 de Val\u00e8ncia ha acollit la presentaci\u00f3 de la Carrera 10KFem, pionera en la seua dist\u00e0ncia a nivell nacional en categoria femenina, que enguany aconsegueix la seua sisena edici\u00f3. El pr\u00f2xim 8 de mar\u00e7, <a class=\"mh-excerpt-more\" href=\"https:\/\/tucomarca.whitekongsoftware.com\/ca\/la-diputacio-presenta-una-10k-fem-consolidada-com-a-referent-de-lesport-femeni-a-valencia\/\" title=\"La Diputaci\u00f3 presenta una 10K Fem consolidada com a referent de l&#8217;esport femen\u00ed a Val\u00e8ncia\">[+] <\/a><\/div>\n","protected":false},"author":1,"featured_media":98985,"comment_status":"open","ping_status":"open","sticky":false,"template":"","format":"standard","meta":{"footnotes":""},"categories":[11018,11003,10898,10904,10896],"tags":[],"class_list":["post-98986","post","type-post","status-publish","format-standard","has-post-thumbnail","category-atletisme","category-sports","category-ventana-ca","category-sin-categorizar-ca","category-seccion-ca"],"_links":{"self":[{"href":"https:\/\/tucomarca.whitekongsoftware.com\/ca\/wp-json\/wp\/v2\/posts\/98986","targetHints":{"allow":["GET"]}}],"collection":[{"href":"https:\/\/tucomarca.whitekongsoftware.com\/ca\/wp-json\/wp\/v2\/posts"}],"about":[{"href":"https:\/\/tucomarca.whitekongsoftware.com\/ca\/wp-json\/wp\/v2\/types\/post"}],"author":[{"embeddable":true,"href":"https:\/\/tucomarca.whitekongsoftware.com\/ca\/wp-json\/wp\/v2\/users\/1"}],"replies":[{"embeddable":true,"href":"https:\/\/tucomarca.whitekongsoftware.com\/ca\/wp-json\/wp\/v2\/comments?post=98986"}],"version-history":[{"count":0,"href":"https:\/\/tucomarca.whitekongsoftware.com\/ca\/wp-json\/wp\/v2\/posts\/98986\/revisions"}],"wp:featuredmedia":[{"embeddable":true,"href":"https:\/\/tucomarca.whitekongsoftware.com\/ca\/wp-json\/wp\/v2\/media\/98985"}],"wp:attachment":[{"href":"https:\/\/tucomarca.whitekongsoftware.com\/ca\/wp-json\/wp\/v2\/media?parent=98986"}],"wp:term":[{"taxonomy":"category","embeddable":true,"href":"https:\/\/tucomarca.whitekongsoftware.com\/ca\/wp-json\/wp\/v2\/categories?post=98986"},{"taxonomy":"post_tag","embeddable":true,"href":"https:\/\/tucomarca.whitekongsoftware.com\/ca\/wp-json\/wp\/v2\/tags?post=98986"}],"curies":[{"name":"wp","href":"https:\/\/api.w.org\/{rel}","templated":true}]}}