{"id":98929,"date":"2020-01-30T00:30:02","date_gmt":"2020-01-29T22:30:02","guid":{"rendered":"http:\/\/www.tucomarca.com\/wordpress\/segunda\/?p=98929"},"modified":"2020-01-30T00:30:05","modified_gmt":"2020-01-29T22:30:05","slug":"la-diputacio-i-el-112-aniran-de-la-ma-per-a-reforcar-la-coordinacio-davant-emergencies-en-zones-dinterior","status":"publish","type":"post","link":"https:\/\/tucomarca.whitekongsoftware.com\/ca\/la-diputacio-i-el-112-aniran-de-la-ma-per-a-reforcar-la-coordinacio-davant-emergencies-en-zones-dinterior\/","title":{"rendered":"La Diputaci\u00f3 i el 112 aniran de la m\u00e0 per a refor\u00e7ar la coordinaci\u00f3 davant emerg\u00e8ncies en zones d&#8217;interior"},"content":{"rendered":"\n<p class=\"wp-block-paragraph\">La Diputaci\u00f3 de Val\u00e8ncia compta amb el suport total de la Generalitat per a fer un pas m\u00e9s en la millora dels protocols d&#8217;actuaci\u00f3 d&#8217;emerg\u00e8ncies i reduir el temps de resposta davant accidents o desastres naturals, especialment a les comarques d&#8217;interior de la prov\u00edncia, on les necessitats s\u00f3n majors a causa de la falta de recursos i la complexitat de les comunicacions.<\/p>\n\n\n\n<p class=\"wp-block-paragraph\">El diputat de Desenvolupament Rural i responsable de les Brigades Forestals de la Diputaci\u00f3, Ramiro Rivera, ha exercit d&#8217;amfitri\u00f3 en una reuni\u00f3 l&#8217;objectiu de la qual \u00e9s optimitzar recursos i oferir la millor resposta davant accidents o inclem\u00e8ncies meteorol\u00f2giques, respectant les compet\u00e8ncies i coordinant l&#8217;acci\u00f3 de les diferents administracions p\u00fabliques, comen\u00e7ant per la corporaci\u00f3, la Delegaci\u00f3 del Govern i l&#8217;Ag\u00e8ncia Valenciana de Seguretat i Resposta a les Emerg\u00e8ncies que dirigix Jos\u00e9 Mar\u00eda \u00c1ngel.<\/p>\n\n\n\n<p class=\"wp-block-paragraph\">En este context es va acordar la primera acci\u00f3 conjunta entre les tres institucions, que consistir\u00e0 en la signatura d&#8217;un protocol entre el Servei de Carreteres de la Diputaci\u00f3, que dirigix Rafa Garc\u00eda, i la Delegaci\u00f3 del Govern per a compartir recursos en el Rac\u00f3 d&#8217;Ademuz. Fruit d&#8217;este acord s&#8217;equipar\u00e0 a la unitat de bombers forestals de la Generalitat a la comarca amb una m\u00e0quina llevaneu, amb la qual podran contribuir a la neteja de les vies afectades pels temporals.<\/p>\n\n\n\n<p class=\"wp-block-paragraph\">El secretari auton\u00f2mic d&#8217;Emerg\u00e8ncies va deixar molt clara des del primer minut la intenci\u00f3 de col\u00b7laborar en totes i cadascuna de les necessitats expressades per la corporaci\u00f3 provincial, que compta amb els bombers del Consorci, els brigadistes de Divalterra i els operaris de Carreteres com a principals efectius en mat\u00e8ria d&#8217;Emerg\u00e8ncies. \u201cEls ciutadans no entenen de compet\u00e8ncies, nom\u00e9s esperen que les administracions facen el seu treball per a poder sentir-se segurs\u201d.<\/p>\n\n\n\n<p class=\"wp-block-paragraph\">En este sentit, Rivera va traslladar al responsable auton\u00f2mic d&#8217;Emerg\u00e8ncies la seua preocupaci\u00f3 per la falta de recursos en determinades zones d&#8217;interior, en els l\u00edmits de la prov\u00edncia, especialment en episodis de temporals o incendis. Per part seua, Jos\u00e9 Mar\u00eda \u00c1ngel ha proposat al responsable provincial que es revisen els protocols perqu\u00e8 els efectius de la Generalitat puguen col\u00b7laborar en actuacions com la neteja de carreteres o incendis, sota la direcci\u00f3 de l&#8217;\u00f2rgan competent i fins que arriben a la zona afectada els equips assignats per a donar resposta a l&#8217;emerg\u00e8ncia.<\/p>\n\n\n\n<p class=\"wp-block-paragraph\"><strong>Redimensionar els recursos<\/strong><\/p>\n\n\n\n<p class=\"wp-block-paragraph\">El director de Carreteres de la Diputaci\u00f3, Javier Piedra, considera que \u00e9s necessari \u201credimensionar els recursos en assumir la corporaci\u00f3 la titularitat de noves vies, com \u00e9s el cas del Rac\u00f3 d&#8217;Ademuz i la carretera de la Puebla de San Miguel\u201d. En resposta a Piedra, i en la l\u00ednia de col\u00b7laboraci\u00f3 absoluta entre institucions, el secretari auton\u00f2mic d&#8217;Emerg\u00e8ncies insta a la Diputaci\u00f3 al fet que els responsables del Consorci i Carreteres \u201cutilitzen els recursos del 112 per a reduir els temps de resposta, sempre sota la direcci\u00f3 de qui tinga les compet\u00e8ncies per a actuar en cada cas\u201d.<\/p>\n\n\n\n<p class=\"wp-block-paragraph\">Respecte a estes actuacions i a la reducci\u00f3 dels temps, el gerent de Divalterra, Antonio Mas, i el cap de servei de les Brigades Forestals, \u00c1lvaro Escrig, coincidixen en la import\u00e0ncia que l&#8217;empresa de la Diputaci\u00f3 puga integrar-se tecnol\u00f2gicament en el sistema de coordinaci\u00f3 i resposta a les emerg\u00e8ncies de la Generalitat, on ja es troba el Consorci Provincial de Bombers.<\/p>\n\n\n\n<p class=\"wp-block-paragraph\">Esta implementaci\u00f3 tecnol\u00f2gica i la suma de tots els efectius d&#8217;emerg\u00e8ncies en una \u00fanica base d&#8217;operacions en temps real \u00e9s un dels reptes que s&#8217;han marcat els responsables de Diputaci\u00f3 i Consell despr\u00e9s de la reuni\u00f3 en seu provincial. El subdirector d&#8217;Emerg\u00e8ncies, Jorge Su\u00e1rez, explica que este dispositiu tecnol\u00f2gic de coordinaci\u00f3 entre unitats i efectius d&#8217;emerg\u00e8ncia est\u00e0 desenvolupat, i ara \u00e9s q\u00fcesti\u00f3 que vagen incorporant-se unitats com les Brigades de la Diputaci\u00f3 o l&#8217;\u00e0rea de Carreteres, que mantindria en paral\u00b7lel la seua coordinaci\u00f3 amb el Centre de Gesti\u00f3 i Seguretat Vi\u00e0ria de la Generalitat (Cegesev).<\/p>\n\n\n\n<p class=\"wp-block-paragraph\">Despr\u00e9s de la reuni\u00f3, en la qual tamb\u00e9 va participar Vicent Verger en representaci\u00f3 de la Delegaci\u00f3 del Govern, els responsables de la Diputaci\u00f3 i la Generalitat es posaran a treballar immediatament en la millora dels protocols d&#8217;actuaci\u00f3, respectant en tot moment les compet\u00e8ncies de cada cos o unitat integrat en el dispositiu d&#8217;Emerg\u00e8ncies del Consell.<\/p>\n\n\n\n<p class=\"wp-block-paragraph\">L&#8217;objectiu de totes dues institucions \u00e9s estr\u00e9nyer la col\u00b7laboraci\u00f3 i oferir un servei m\u00e9s r\u00e0pid a les comarques d&#8217;interior, en situacions com la primera intervenci\u00f3 en incendis, una r\u00e0pida actuaci\u00f3 davant els llamps latents habituals en les tempestes d&#8217;estiu, accidents en carreteres i muntanyes o episodis de nevades que poden deixar incomunicats als municipis, generalment localitzats en zones lim\u00edtrofes i de dif\u00edcil acc\u00e9s en situacions climatol\u00f2gicament adverses. &nbsp;<br><\/p>\n","protected":false},"excerpt":{"rendered":"<div class=\"mh-excerpt\">La Diputaci\u00f3 de Val\u00e8ncia compta amb el suport total de la Generalitat per a fer un pas m\u00e9s en la millora dels protocols d&#8217;actuaci\u00f3 d&#8217;emerg\u00e8ncies i reduir el temps de resposta davant accidents o desastres <a class=\"mh-excerpt-more\" href=\"https:\/\/tucomarca.whitekongsoftware.com\/ca\/la-diputacio-i-el-112-aniran-de-la-ma-per-a-reforcar-la-coordinacio-davant-emergencies-en-zones-dinterior\/\" title=\"La Diputaci\u00f3 i el 112 aniran de la m\u00e0 per a refor\u00e7ar la coordinaci\u00f3 davant emerg\u00e8ncies en zones d&#8217;interior\">[+] <\/a><\/div>\n","protected":false},"author":1,"featured_media":98927,"comment_status":"open","ping_status":"open","sticky":false,"template":"","format":"standard","meta":{"footnotes":""},"categories":[10890,10898,10948,10894,10904,10947,10896,10897],"tags":[3677],"class_list":["post-98929","post","type-post","status-publish","format-standard","has-post-thumbnail","category-ademus","category-ventana-ca","category-infraestructuras-ca","category-la-comarca-ca","category-sin-categorizar-ca","category-politica","category-seccion-ca","category-sucesos-la-comarca-ca","tag-diputacio-de-valencia"],"_links":{"self":[{"href":"https:\/\/tucomarca.whitekongsoftware.com\/ca\/wp-json\/wp\/v2\/posts\/98929","targetHints":{"allow":["GET"]}}],"collection":[{"href":"https:\/\/tucomarca.whitekongsoftware.com\/ca\/wp-json\/wp\/v2\/posts"}],"about":[{"href":"https:\/\/tucomarca.whitekongsoftware.com\/ca\/wp-json\/wp\/v2\/types\/post"}],"author":[{"embeddable":true,"href":"https:\/\/tucomarca.whitekongsoftware.com\/ca\/wp-json\/wp\/v2\/users\/1"}],"replies":[{"embeddable":true,"href":"https:\/\/tucomarca.whitekongsoftware.com\/ca\/wp-json\/wp\/v2\/comments?post=98929"}],"version-history":[{"count":0,"href":"https:\/\/tucomarca.whitekongsoftware.com\/ca\/wp-json\/wp\/v2\/posts\/98929\/revisions"}],"wp:featuredmedia":[{"embeddable":true,"href":"https:\/\/tucomarca.whitekongsoftware.com\/ca\/wp-json\/wp\/v2\/media\/98927"}],"wp:attachment":[{"href":"https:\/\/tucomarca.whitekongsoftware.com\/ca\/wp-json\/wp\/v2\/media?parent=98929"}],"wp:term":[{"taxonomy":"category","embeddable":true,"href":"https:\/\/tucomarca.whitekongsoftware.com\/ca\/wp-json\/wp\/v2\/categories?post=98929"},{"taxonomy":"post_tag","embeddable":true,"href":"https:\/\/tucomarca.whitekongsoftware.com\/ca\/wp-json\/wp\/v2\/tags?post=98929"}],"curies":[{"name":"wp","href":"https:\/\/api.w.org\/{rel}","templated":true}]}}