{"id":98887,"date":"2020-01-28T21:36:02","date_gmt":"2020-01-28T19:36:02","guid":{"rendered":"http:\/\/www.tucomarca.com\/wordpress\/segunda\/?p=98887"},"modified":"2020-01-28T21:36:30","modified_gmt":"2020-01-28T19:36:30","slug":"lhospital-dalzira-realitza-el-primer-implant-a-espanya-duna-protesi-impresa-en-3d-al-canell-dun-pacient","status":"publish","type":"post","link":"https:\/\/tucomarca.whitekongsoftware.com\/ca\/lhospital-dalzira-realitza-el-primer-implant-a-espanya-duna-protesi-impresa-en-3d-al-canell-dun-pacient\/","title":{"rendered":"L&#8217;Hospital d&#8217;Alzira realitza el primer implant a Espanya d&#8217;una pr\u00f2tesi impresa en 3D al canell d&#8217;un pacient"},"content":{"rendered":"\n<p class=\"wp-block-paragraph\">L&#8217;Hospital Universitari de la Ribera, a Alzira, s&#8217;ha convertit en el primer centre sanitari d&#8217;Espanya en implantar una pr\u00f2tesi impresa en 3D per substituir l&#8217;os escafoide fracturat del canell d&#8217;un pacient.<\/p>\n\n\n\n<p class=\"wp-block-paragraph\">Gr\u00e0cies a aquesta intervenci\u00f3, el pacient ha pogut recuperar la mobilitat de la m\u00e0, ja que la impressi\u00f3, realitzada en titani, reprodueix amb precisi\u00f3 la funci\u00f3 de l&#8217;escafoide lesionat.<\/p>\n\n\n\n<p class=\"wp-block-paragraph\">El pacient intervingut \u00e9s un home de 40 anys d&#8217;edat que, des de 2009, patia una lesi\u00f3 de l&#8217;carp a la m\u00e0 esquerra, el que li havia fet perdre de manera progressiva la mobilitat i for\u00e7a del canell.<\/p>\n\n\n\n<p class=\"wp-block-paragraph\">Segons ha destacat el doctor Luis Aguilella, facultatiu de el Servei de Traumatologia i Cirurgia Ortop\u00e8dica de l&#8217;Hospital Universitari de la Ribera, &#8220;sense aquest implant bi\u00f2nic, la lesi\u00f3 que patia el pacient hauria requerit soldar diversos ossos de l&#8217;carp -el que es coneix com artrodesis- , fins al punt de perdre gaireb\u00e9 del tot la mobilitat de la m\u00e0 &#8220;.<\/p>\n\n\n\n<p class=\"wp-block-paragraph\">&#8220;Amb aquest implant, per\u00f2, hem pogut reempla\u00e7ar l&#8217;escafoide danyat perqu\u00e8, al costat de la resta d&#8217;ossos, actu\u00ef en el moviment del canell, recuperant l&#8217;\u00fas quotidi\u00e0 i natural de l&#8217;articulaci\u00f3&#8221;, ha explicat.<\/p>\n\n\n\n<p class=\"wp-block-paragraph\"><strong>Una planificaci\u00f3 de 3 mesos<\/strong><\/p>\n\n\n\n<p class=\"wp-block-paragraph\">El projecte de planificaci\u00f3 i reconstrucci\u00f3 de la pr\u00f2tesi ha estat desenvolupat per l&#8217;empresa espanyola Avamed Synergy, els enginyers biom\u00e8dics han treballat exhaustivament al costat de Dr. Aguilella en el disseny d&#8217;aquest complex implant.<\/p>\n\n\n\n<p class=\"wp-block-paragraph\">L&#8217;empresa Techfit DS ha realitzat la impressi\u00f3 de titani, d&#8217;aproximadament tres cent\u00edmetres, amb les mesures exactes i mil\u00b7lim\u00e8triques de l&#8217;escafoide lesionat, &#8220;en cas contrari l&#8217;implant hauria fracassat&#8221;, ha afirmat Aguilella.<\/p>\n\n\n\n<p class=\"wp-block-paragraph\">Per a aix\u00f2, pr\u00e8viament a la cirurgia, a l&#8217;pacient se li va realitzar un TAC de la m\u00e0 sana amb l&#8217;objectiu de con\u00e8ixer la mida de l&#8217;escafoide. Un cop processades les imatges, es va realitzar una reconstrucci\u00f3 virtual en 3D des de la qual es va dissenyar la pr\u00f2tesi a mida en titani, amb acabat en mirall, i es va fabricar mitjan\u00e7ant t\u00e8cniques de reconstrucci\u00f3 tridimensional d&#8217;alta precisi\u00f3.<\/p>\n\n\n\n<p class=\"wp-block-paragraph\">Segons ha assenyalat el CEO de Avamed Synergy, Lucas D\u00edez, &#8220;la complexitat de la fabricaci\u00f3 de la pr\u00f2tesi tamb\u00e9 residia en qu\u00e8 es necessitava que la mateixa compt\u00e9s amb una s\u00e8rie d&#8217;orificis distribu\u00efts estrat\u00e8gicament per poder fixar-la a la resta dels ossos mitjan\u00e7ant un tend\u00f3 extret de l&#8217;avantbra\u00e7 de l&#8217;pacient en el mateix acte quir\u00fargic &#8220;. Tot aix\u00f2 ha suposat un treball de revisions i perfeccionament proper als tres mesos.<\/p>\n\n\n\n<p class=\"wp-block-paragraph\"><strong>Elevada dificultat t\u00e8cnica<\/strong><\/p>\n\n\n\n<p class=\"wp-block-paragraph\">Per dur a terme l&#8217;implant de el disseny 3D ha estat necess\u00e0ria una complexa cirurgia de dues hores de durada, en la qual, a trav\u00e9s de tres petites incisions al canell de l&#8217;pacient, s&#8217;ha extret l&#8217;escafoide danyat per, posteriorment, implantar la pr\u00f2tesi de titani i estabilitzar-la amb un empelt tendin\u00f3s.<\/p>\n\n\n\n<p class=\"wp-block-paragraph\">Segons el doctor Aguilella, &#8220;el sistema ossi de la m\u00e0 \u00e9s molt similar a el funcionament d&#8217;un rellotge; si una de les peces falla o no \u00e9s exacta, no pot haver mobilitat, d&#8217;aqu\u00ed l&#8217;elevada dificultat t\u00e8cnica d&#8217;aquest implant&#8221;.<\/p>\n\n\n\n<p class=\"wp-block-paragraph\">&#8220;L&#8217;\u00e8xit resideix en qu\u00e8 s&#8217;ha aconseguit que una pr\u00f2tesi, impresa amb material biocompatible, funcioni com un os m\u00e9s de la m\u00e0&#8221;, ha afirmat el doctor.<\/p>\n\n\n\n<p class=\"wp-block-paragraph\">Un cop inserida al canell, ha calgut unir la impressi\u00f3 amb la resta d&#8217;ossos de l&#8217;carp mitjan\u00e7ant l&#8217;empelt de tendons entrella\u00e7ats en 360\u00ba a trav\u00e9s de les perforacions, amb l&#8217;objectiu d&#8217;aconseguir un moviment harm\u00f2nic de la pr\u00f2tesi.<\/p>\n\n\n\n<p class=\"wp-block-paragraph\">Aguilella ha destacat que &#8220;el pacient ha iniciat ja un seguit de sessions de rehabilitaci\u00f3 amb l&#8217;objectiu de recuperar la for\u00e7a completa de la seva nina, de manera que a dia d&#8217;avui,&#8221; l&#8217;evoluci\u00f3 est\u00e0 sent molt bona i preveiem que recobri la funcionalitat de la m\u00e0 als dos mesos de la intervenci\u00f3 &#8220;.<\/p>\n\n\n\n<p class=\"wp-block-paragraph\">&#8220;La impressi\u00f3 de pr\u00f2tesis 3D a mida de l&#8217;pacient ser\u00e0, en un futur, una de les millors alternatives en cirurgia traumatol\u00f2gica, ja que ofereix als pacients una soluci\u00f3 ortop\u00e8dica que fins ara no existia&#8221;, ha assenyalat Aguilella.<\/p>\n\n\n\n<p class=\"wp-block-paragraph\">&#8220;De fet, a l&#8217;Hospital d&#8217;Alzira,&#8221; ja tenim altres dos pacients amb els que estem treballant en el disseny de les pr\u00f2tesis personalitzades &#8220;, ha indicat.<\/p>\n\n\n\n<p class=\"wp-block-paragraph\">Per la seua banda, Lucas D\u00edez ha manifestat que &#8220;els projectes de planificaci\u00f3 virtual 3D de cirurgia complexa ajuden a el proc\u00e9s de presa de decisi\u00f3 i el doctor guanya en seguretat i precisi\u00f3, sent molt \u00fatils, tant en reconstruccions traumatol\u00f2giques com en processos quir\u00fargics oncol\u00f2gics&#8221;.<\/p>\n","protected":false},"excerpt":{"rendered":"<div class=\"mh-excerpt\">L&#8217;Hospital Universitari de la Ribera, a Alzira, s&#8217;ha convertit en el primer centre sanitari d&#8217;Espanya en implantar una pr\u00f2tesi impresa en 3D per substituir l&#8217;os escafoide fracturat del canell d&#8217;un pacient. Gr\u00e0cies a aquesta intervenci\u00f3, <a class=\"mh-excerpt-more\" href=\"https:\/\/tucomarca.whitekongsoftware.com\/ca\/lhospital-dalzira-realitza-el-primer-implant-a-espanya-duna-protesi-impresa-en-3d-al-canell-dun-pacient\/\" title=\"L&#8217;Hospital d&#8217;Alzira realitza el primer implant a Espanya d&#8217;una pr\u00f2tesi impresa en 3D al canell d&#8217;un pacient\">[+] <\/a><\/div>\n","protected":false},"author":1,"featured_media":98885,"comment_status":"open","ping_status":"open","sticky":false,"template":"","format":"standard","meta":{"footnotes":""},"categories":[10889,11010,10898,10948,10894,10902,10896],"tags":[3640],"class_list":["post-98887","post","type-post","status-publish","format-standard","has-post-thumbnail","category-alzira-cat","category-canal-salud","category-ventana-ca","category-infraestructuras-ca","category-la-comarca-ca","category-la-ribera-ca","category-seccion-ca","tag-la-ribera-alta"],"_links":{"self":[{"href":"https:\/\/tucomarca.whitekongsoftware.com\/ca\/wp-json\/wp\/v2\/posts\/98887","targetHints":{"allow":["GET"]}}],"collection":[{"href":"https:\/\/tucomarca.whitekongsoftware.com\/ca\/wp-json\/wp\/v2\/posts"}],"about":[{"href":"https:\/\/tucomarca.whitekongsoftware.com\/ca\/wp-json\/wp\/v2\/types\/post"}],"author":[{"embeddable":true,"href":"https:\/\/tucomarca.whitekongsoftware.com\/ca\/wp-json\/wp\/v2\/users\/1"}],"replies":[{"embeddable":true,"href":"https:\/\/tucomarca.whitekongsoftware.com\/ca\/wp-json\/wp\/v2\/comments?post=98887"}],"version-history":[{"count":0,"href":"https:\/\/tucomarca.whitekongsoftware.com\/ca\/wp-json\/wp\/v2\/posts\/98887\/revisions"}],"wp:featuredmedia":[{"embeddable":true,"href":"https:\/\/tucomarca.whitekongsoftware.com\/ca\/wp-json\/wp\/v2\/media\/98885"}],"wp:attachment":[{"href":"https:\/\/tucomarca.whitekongsoftware.com\/ca\/wp-json\/wp\/v2\/media?parent=98887"}],"wp:term":[{"taxonomy":"category","embeddable":true,"href":"https:\/\/tucomarca.whitekongsoftware.com\/ca\/wp-json\/wp\/v2\/categories?post=98887"},{"taxonomy":"post_tag","embeddable":true,"href":"https:\/\/tucomarca.whitekongsoftware.com\/ca\/wp-json\/wp\/v2\/tags?post=98887"}],"curies":[{"name":"wp","href":"https:\/\/api.w.org\/{rel}","templated":true}]}}