{"id":98848,"date":"2020-01-27T19:41:19","date_gmt":"2020-01-27T17:41:19","guid":{"rendered":"http:\/\/www.tucomarca.com\/wordpress\/segunda\/?p=98848"},"modified":"2020-01-27T19:41:28","modified_gmt":"2020-01-27T17:41:28","slug":"comenca-el-periode-dinscripcions-al-programa-bo-respir-2020-a-utiel","status":"publish","type":"post","link":"https:\/\/tucomarca.whitekongsoftware.com\/ca\/comenca-el-periode-dinscripcions-al-programa-bo-respir-2020-a-utiel\/","title":{"rendered":"Comen\u00e7a el per\u00edode d&#8217;inscripcions al Programa Bo Respir 2020 a Utiel"},"content":{"rendered":"\n<p class=\"wp-block-paragraph\">El Departament Municipal de Serveis Socials informa l&#8217;inici de el per\u00edode de presentaci\u00f3 de sol\u00b7licituds per al Programa Bo Respir en l&#8217;any 2020. El programa consisteix en finan\u00e7ar distintes modalitats d&#8217;estades de car\u00e0cter temporal o no permanent en resid\u00e8ncies de tercera edat, quan per necessitats que afecten a la gent gran o als seus cuidadors familiars, la gent gran necessiten l&#8217;atenci\u00f3 en un centre especialitzat que substitueixi les cures que, de forma habitual, es presten i \/ o es reben en l&#8217;\u00e0mbit familiar. Els beneficiaris directes de les subvencions convocades hauran de ser persones dependents, que trobant-se ateses habitualment en el seu domicili personal o familiar, necessiten l&#8217;atenci\u00f3 temporal en un centre especialitzat, per presentar un nivell de depend\u00e8ncia que els fa necessitar de les cures d&#8217;una altra persona per a la realitzaci\u00f3 de les activitats habituals de la vida di\u00e0ria, i que eventualment, no poden ser prestats pel seu cuidador habitual.<\/p>\n\n\n\n<p class=\"wp-block-paragraph\"><strong>Requisits:<\/strong><\/p>\n\n\n\n<ol class=\"wp-block-list\"><li>Tenir 65 anys o m\u00e9s en el moment de presentar la sol\u00b7licitud i haver cessat en l&#8217;activitat laboral o professional per jubilaci\u00f3 o incapacitat.<br>\nTamb\u00e9 podran ser beneficiaris les persones de 55 anys o m\u00e9s diagnosticades amb la malaltia d&#8217;Alzheimer o altres dem\u00e8ncies.<\/li><li>Estar empadronat en qualsevol dels municipis de la Comunitat Valenciana.<\/li><li>Tenir la consideraci\u00f3 de persona dependent, acreditada mitjan\u00e7ant el corresponent informe m\u00e8dic.<\/li><li>Acreditar la necessitat social i econ\u00f2mica d&#8217;acord amb els criteris establerts.<\/li><li>De forma excepcional i amb l&#8217;objecte de mantenir la unitat familiar, podran sol\u00b7licitar l&#8217;ingr\u00e9s conjunt amb el sol\u00b7licitant principal, les persones majors o menors de 65 anys, que acreditin una de les seg\u00fcents situacions: ser c\u00f2njuge o parella de fet degudament inscrita en el Registre Administratiu d&#8217;Unions de Fet de la Comunitat Valenciana; ser discapacitat convivent amb el sol\u00b7licitant i sempre que ingressi en el mateix centre residencial que aquell. A aquests efectes es consideraran discapacitats aquells que definix com a tals el Reial Decret Legislatiu 1\/2013, de 29 de novembre, pel qual s&#8217;aprova el Text ref\u00f3s de la Llei general de drets de les persones amb discapacitat i de la seva inclusi\u00f3 social i que tinguin un grau de minusvalidesa igual o superior a l&#8217;65%.<\/li><\/ol>\n\n\n\n<p class=\"wp-block-paragraph\"><strong>Termini de presentaci\u00f3:<\/strong><\/p>\n\n\n\n<p class=\"wp-block-paragraph\">El termini de presentaci\u00f3 de les sol\u00b7licituds ser\u00e0 d&#8217;un mes a comptar de l&#8217;endem\u00e0 de la publicaci\u00f3 de la convocat\u00f2ria en el DOGV n\u00fam. 8716 \/ 2020.01.14. Per rebre informaci\u00f3 o participar en el programa, es poden dirigir a Departament Municipal de Serveis Socials, carrer Vila Joiosa n\u00ba 6 de Requena (tel\u00e8fon 96.001 06 02).<\/p>\n","protected":false},"excerpt":{"rendered":"<div class=\"mh-excerpt\">El Departament Municipal de Serveis Socials informa l&#8217;inici de el per\u00edode de presentaci\u00f3 de sol\u00b7licituds per al Programa Bo Respir en l&#8217;any 2020. El programa consisteix en finan\u00e7ar distintes modalitats d&#8217;estades de car\u00e0cter temporal o <a class=\"mh-excerpt-more\" href=\"https:\/\/tucomarca.whitekongsoftware.com\/ca\/comenca-el-periode-dinscripcions-al-programa-bo-respir-2020-a-utiel\/\" title=\"Comen\u00e7a el per\u00edode d&#8217;inscripcions al Programa Bo Respir 2020 a Utiel\">[+] <\/a><\/div>\n","protected":false},"author":1,"featured_media":98846,"comment_status":"open","ping_status":"open","sticky":false,"template":"","format":"standard","meta":{"footnotes":""},"categories":[10894,10909,10896,11059],"tags":[10910,10387],"class_list":["post-98848","post","type-post","status-publish","format-standard","has-post-thumbnail","category-la-comarca-ca","category-requena-utiel-ca","category-seccion-ca","category-utiel-ca","tag-requena-utiel-ca","tag-requena-utiel"],"_links":{"self":[{"href":"https:\/\/tucomarca.whitekongsoftware.com\/ca\/wp-json\/wp\/v2\/posts\/98848","targetHints":{"allow":["GET"]}}],"collection":[{"href":"https:\/\/tucomarca.whitekongsoftware.com\/ca\/wp-json\/wp\/v2\/posts"}],"about":[{"href":"https:\/\/tucomarca.whitekongsoftware.com\/ca\/wp-json\/wp\/v2\/types\/post"}],"author":[{"embeddable":true,"href":"https:\/\/tucomarca.whitekongsoftware.com\/ca\/wp-json\/wp\/v2\/users\/1"}],"replies":[{"embeddable":true,"href":"https:\/\/tucomarca.whitekongsoftware.com\/ca\/wp-json\/wp\/v2\/comments?post=98848"}],"version-history":[{"count":0,"href":"https:\/\/tucomarca.whitekongsoftware.com\/ca\/wp-json\/wp\/v2\/posts\/98848\/revisions"}],"wp:featuredmedia":[{"embeddable":true,"href":"https:\/\/tucomarca.whitekongsoftware.com\/ca\/wp-json\/wp\/v2\/media\/98846"}],"wp:attachment":[{"href":"https:\/\/tucomarca.whitekongsoftware.com\/ca\/wp-json\/wp\/v2\/media?parent=98848"}],"wp:term":[{"taxonomy":"category","embeddable":true,"href":"https:\/\/tucomarca.whitekongsoftware.com\/ca\/wp-json\/wp\/v2\/categories?post=98848"},{"taxonomy":"post_tag","embeddable":true,"href":"https:\/\/tucomarca.whitekongsoftware.com\/ca\/wp-json\/wp\/v2\/tags?post=98848"}],"curies":[{"name":"wp","href":"https:\/\/api.w.org\/{rel}","templated":true}]}}