{"id":98726,"date":"2020-01-23T23:44:35","date_gmt":"2020-01-23T21:44:35","guid":{"rendered":"http:\/\/www.tucomarca.com\/wordpress\/segunda\/?p=98726"},"modified":"2020-01-23T23:44:55","modified_gmt":"2020-01-23T21:44:55","slug":"video-emisio-en-directe-de-lacte-dadhesio-de-les-diputacions-de-valencia-alacant-i-castello-a-la-marca-lexquisit-mediterrani","status":"publish","type":"post","link":"https:\/\/tucomarca.whitekongsoftware.com\/ca\/video-emisio-en-directe-de-lacte-dadhesio-de-les-diputacions-de-valencia-alacant-i-castello-a-la-marca-lexquisit-mediterrani\/","title":{"rendered":"Video: emisi\u00f3 en directe de l&#8217;acte d&#8217;adhesi\u00f3 de les diputacions de Val\u00e8ncia, Alacant i Castell\u00f3 a la marca l&#8217;Exquisit mediterrani"},"content":{"rendered":"\n<figure class=\"wp-block-embed-facebook wp-block-embed is-type-video is-provider-facebook\"><div class=\"wp-block-embed__wrapper\">\nhttps:\/\/www.facebook.com\/tucomarca\/videos\/852061641881527\/\n<\/div><\/figure>\n\n\n\n<figure class=\"wp-block-embed-facebook wp-block-embed is-type-video is-provider-facebook\"><div class=\"wp-block-embed__wrapper\">\nhttps:\/\/www.facebook.com\/tucomarca\/videos\/1245008819003158\/\n<\/div><\/figure>\n\n\n\n<figure class=\"wp-block-embed-facebook wp-block-embed is-type-video is-provider-facebook\"><div class=\"wp-block-embed__wrapper\">\nhttps:\/\/www.facebook.com\/tucomarca\/videos\/2987289254638567\/\n<\/div><\/figure>\n\n\n\n<p class=\"wp-block-paragraph\">Emisi\u00f3 en directe per <strong>tucomarca televisi\u00f3<\/strong> de l&#8217;acte d&#8217;adhesi\u00f3 de les diputacions de Val\u00e8ncia, Alacant i Castell\u00f3 a la marca &#8220;l&#8217;Exquisit mediterrani&#8221; a Fitur 2020.<\/p>\n","protected":false},"excerpt":{"rendered":"<div class=\"mh-excerpt\">Emisi\u00f3 en directe per tucomarca televisi\u00f3 de l&#8217;acte d&#8217;adhesi\u00f3 de les diputacions de Val\u00e8ncia, Alacant i Castell\u00f3 a la marca &#8220;l&#8217;Exquisit mediterrani&#8221; a Fitur 2020.<\/div>\n","protected":false},"author":1,"featured_media":98696,"comment_status":"open","ping_status":"open","sticky":false,"template":"","format":"standard","meta":{"footnotes":""},"categories":[10898,10948,10894,10904,11007,10947,10896,11062],"tags":[],"class_list":["post-98726","post","type-post","status-publish","format-standard","has-post-thumbnail","category-ventana-ca","category-infraestructuras-ca","category-la-comarca-ca","category-sin-categorizar-ca","category-ocio-y-cultura-ca","category-politica","category-seccion-ca","category-videos"],"_links":{"self":[{"href":"https:\/\/tucomarca.whitekongsoftware.com\/ca\/wp-json\/wp\/v2\/posts\/98726","targetHints":{"allow":["GET"]}}],"collection":[{"href":"https:\/\/tucomarca.whitekongsoftware.com\/ca\/wp-json\/wp\/v2\/posts"}],"about":[{"href":"https:\/\/tucomarca.whitekongsoftware.com\/ca\/wp-json\/wp\/v2\/types\/post"}],"author":[{"embeddable":true,"href":"https:\/\/tucomarca.whitekongsoftware.com\/ca\/wp-json\/wp\/v2\/users\/1"}],"replies":[{"embeddable":true,"href":"https:\/\/tucomarca.whitekongsoftware.com\/ca\/wp-json\/wp\/v2\/comments?post=98726"}],"version-history":[{"count":0,"href":"https:\/\/tucomarca.whitekongsoftware.com\/ca\/wp-json\/wp\/v2\/posts\/98726\/revisions"}],"wp:featuredmedia":[{"embeddable":true,"href":"https:\/\/tucomarca.whitekongsoftware.com\/ca\/wp-json\/wp\/v2\/media\/98696"}],"wp:attachment":[{"href":"https:\/\/tucomarca.whitekongsoftware.com\/ca\/wp-json\/wp\/v2\/media?parent=98726"}],"wp:term":[{"taxonomy":"category","embeddable":true,"href":"https:\/\/tucomarca.whitekongsoftware.com\/ca\/wp-json\/wp\/v2\/categories?post=98726"},{"taxonomy":"post_tag","embeddable":true,"href":"https:\/\/tucomarca.whitekongsoftware.com\/ca\/wp-json\/wp\/v2\/tags?post=98726"}],"curies":[{"name":"wp","href":"https:\/\/api.w.org\/{rel}","templated":true}]}}