{"id":98627,"date":"2020-01-21T13:51:32","date_gmt":"2020-01-21T11:51:32","guid":{"rendered":"http:\/\/www.tucomarca.com\/wordpress\/segunda\/?p=98627"},"modified":"2020-01-21T13:51:43","modified_gmt":"2020-01-21T11:51:43","slug":"samplia-el-termini-per-recollir-els-xecs-el-meu-compte-ambiental-a-utiel","status":"publish","type":"post","link":"https:\/\/tucomarca.whitekongsoftware.com\/ca\/samplia-el-termini-per-recollir-els-xecs-el-meu-compte-ambiental-a-utiel\/","title":{"rendered":"S&#8217;amplia el termini per recollir els xecs &#8220;El meu compte ambiental&#8221; a Utiel"},"content":{"rendered":"\n<p class=\"wp-block-paragraph\">El projecte &#8220;El meu compte Ambiental&#8221; d&#8217;Utiel amplia el termini fins al 31 de gener per bescanviar els xecs-compra amb qu\u00e8 el Consorci Val\u00e8ncia Interior premia el bon comportament ambiental de cada un dels ve\u00efns de l&#8217;consorci en mat\u00e8ria de gesti\u00f3 de residus i reciclatge.<\/p>\n\n\n\n<p class=\"wp-block-paragraph\">La campanya &#8220;Reciclar t\u00e9 premi&#8221; associada a &#8220;El meu compte Ambiental&#8221; la posa en marxa un any m\u00e9s el Consorci Val\u00e8ncia Interior i compta amb l&#8217;adhesi\u00f3 de l&#8217;Associaci\u00f3 de l&#8217;Comer\u00e7 i la Ind\u00fastria d&#8217;Utiel, Associaci\u00f3 Utiel Gastron\u00f2mica i Ajuntament d&#8217;Utiel. Mitjan\u00e7ant la targeta d&#8217;identificaci\u00f3 personal, els utielanos que han reciclat en l&#8217;ecoparc o ecom\u00f3vil canvien els seus punts ambientals per xecs regal a canviar en els diferents comer\u00e7os locals adherits a aquesta campanya.<\/p>\n\n\n\n<p class=\"wp-block-paragraph\">Inicialment el termini conclo\u00efa el 17 de gener per\u00f2, davant l&#8217;evid\u00e8ncia que falta una suma important de vals-compra per recollir pels usuaris beneficiaris, s&#8217;ha decidit ampliar els terminis de finalitzaci\u00f3 de el projecte, podent recollir els vals a la seu de la Mancomunitat fins el divendres 31 de gener i canviar-los en comer\u00e7os adherits a la campanya fins a aquesta mateixa data.<\/p>\n\n\n\n<p class=\"wp-block-paragraph\">Des de les entitats de comer\u00e7 adherides s&#8217;anima als possibles beneficiaris a retirar i consumir els vals de compra en els terminis establerts.<\/p>\n\n\n\n<p class=\"wp-block-paragraph\">L&#8217;horari de retirada dels vals a la seu de el Consorci Val\u00e8ncia Interior (C \/ Adarve, n\u00ba 5 d&#8217;Utiel) \u00e9s de 9 a 14 hores.<\/p>\n","protected":false},"excerpt":{"rendered":"<div class=\"mh-excerpt\">El projecte &#8220;El meu compte Ambiental&#8221; d&#8217;Utiel amplia el termini fins al 31 de gener per bescanviar els xecs-compra amb qu\u00e8 el Consorci Val\u00e8ncia Interior premia el bon comportament ambiental de cada un dels ve\u00efns <a class=\"mh-excerpt-more\" href=\"https:\/\/tucomarca.whitekongsoftware.com\/ca\/samplia-el-termini-per-recollir-els-xecs-el-meu-compte-ambiental-a-utiel\/\" title=\"S&#8217;amplia el termini per recollir els xecs &#8220;El meu compte ambiental&#8221; a Utiel\">[+] <\/a><\/div>\n","protected":false},"author":1,"featured_media":98625,"comment_status":"open","ping_status":"open","sticky":false,"template":"","format":"standard","meta":{"footnotes":""},"categories":[10948,10894,10903,10909,10896,11059],"tags":[10910,10387],"class_list":["post-98627","post","type-post","status-publish","format-standard","has-post-thumbnail","category-infraestructuras-ca","category-la-comarca-ca","category-medio-ambiente-la-comarca-ca","category-requena-utiel-ca","category-seccion-ca","category-utiel-ca","tag-requena-utiel-ca","tag-requena-utiel"],"_links":{"self":[{"href":"https:\/\/tucomarca.whitekongsoftware.com\/ca\/wp-json\/wp\/v2\/posts\/98627","targetHints":{"allow":["GET"]}}],"collection":[{"href":"https:\/\/tucomarca.whitekongsoftware.com\/ca\/wp-json\/wp\/v2\/posts"}],"about":[{"href":"https:\/\/tucomarca.whitekongsoftware.com\/ca\/wp-json\/wp\/v2\/types\/post"}],"author":[{"embeddable":true,"href":"https:\/\/tucomarca.whitekongsoftware.com\/ca\/wp-json\/wp\/v2\/users\/1"}],"replies":[{"embeddable":true,"href":"https:\/\/tucomarca.whitekongsoftware.com\/ca\/wp-json\/wp\/v2\/comments?post=98627"}],"version-history":[{"count":0,"href":"https:\/\/tucomarca.whitekongsoftware.com\/ca\/wp-json\/wp\/v2\/posts\/98627\/revisions"}],"wp:featuredmedia":[{"embeddable":true,"href":"https:\/\/tucomarca.whitekongsoftware.com\/ca\/wp-json\/wp\/v2\/media\/98625"}],"wp:attachment":[{"href":"https:\/\/tucomarca.whitekongsoftware.com\/ca\/wp-json\/wp\/v2\/media?parent=98627"}],"wp:term":[{"taxonomy":"category","embeddable":true,"href":"https:\/\/tucomarca.whitekongsoftware.com\/ca\/wp-json\/wp\/v2\/categories?post=98627"},{"taxonomy":"post_tag","embeddable":true,"href":"https:\/\/tucomarca.whitekongsoftware.com\/ca\/wp-json\/wp\/v2\/tags?post=98627"}],"curies":[{"name":"wp","href":"https:\/\/api.w.org\/{rel}","templated":true}]}}