{"id":98581,"date":"2020-01-21T13:21:05","date_gmt":"2020-01-21T11:21:05","guid":{"rendered":"http:\/\/www.tucomarca.com\/wordpress\/segunda\/?p=98581"},"modified":"2020-01-21T13:21:14","modified_gmt":"2020-01-21T11:21:14","slug":"ciutadans-alzira-demana-al-bipartit-que-incloga-en-els-pressupostos-les-propostes-aprovades-ja-pel-ple","status":"publish","type":"post","link":"https:\/\/tucomarca.whitekongsoftware.com\/ca\/ciutadans-alzira-demana-al-bipartit-que-incloga-en-els-pressupostos-les-propostes-aprovades-ja-pel-ple\/","title":{"rendered":"Ciutadans Alzira demana al bipartit que incloga en els pressupostos les propostes aprovades ja pel ple"},"content":{"rendered":"\n<p class=\"wp-block-paragraph\">El portaveu de Ciutadans (Cs) Alzira, Miguel Vidal, ha demanat al bipartit que incloga en els pressupostos les propostes aprovades ja pel ple. Vidal ha recordat que &#8220;a la passada legislatura es va aprovar l&#8217;estudi per a l&#8217;adhesi\u00f3 d&#8217;un Pla de la Universitat Polit\u00e8cnica (UPV) per a l&#8217;\u00fas de drons en la vigil\u00e0ncia dels camps que s&#8217;ha quedat fora de l&#8217;esborrany de l&#8217;pressupost&#8221;.<\/p>\n\n\n\n<p class=\"wp-block-paragraph\">A m\u00e9s, el representant de Ciutadans ha assenyalat que &#8220;s&#8217;han presentat esmenes perqu\u00e8 tamb\u00e9 s&#8217;amplie la dotaci\u00f3 destinada al foment del comer\u00e7 local&#8221;. Aix\u00ed mateix, tamb\u00e9 s&#8217;ha demanat &#8220;una partida pressupost\u00e0ria per a l&#8217;adaptaci\u00f3 de tots els parcs de la ciutat, l&#8217;adequaci\u00f3 a la normativa de les bandes reductores de velocitat, l&#8217;adequaci\u00f3 dels diferents solars que es fan servir com a aparcament, l&#8217;ampliaci\u00f3 de la zona de jocs de la pla\u00e7a Cartonatges, la millora de l&#8217;entorn de la &#8216;Muntanyeta&#8217;, l&#8217;adquisici\u00f3 de sistemes anti entravessament o la correcta gesti\u00f3 del tr\u00e0nsit&#8221;.<\/p>\n\n\n\n<p class=\"wp-block-paragraph\">D&#8217;altra banda, Vidal ha sol\u00b7licitat que &#8220;el pressupost incloga cr\u00e8dit suficient per a la modernitzaci\u00f3 dels pol\u00edgons i adaptaci\u00f3 cap a la ind\u00fastria 4.0, per a l&#8217;estudi inicial sobre la creaci\u00f3 d&#8217;una cooperativa el\u00e8ctrica o la possibilitat de construir un nou espai cobert on practicar esport&#8221;. Tamb\u00e9 ha constatat &#8220;la urg\u00e8ncia d&#8217;invertir a la Torre dels Coloms a la Murta per evitar que es perda el patrimoni arquitect\u00f2nic que tenim&#8221;.<\/p>\n\n\n\n<p class=\"wp-block-paragraph\">Finalment, el regidor de Ciutadans ha destacat que seguix sent imminent &#8220;realitzar la revisi\u00f3 cadastral perqu\u00e8 ho marca la llei i perqu\u00e8 els impostos que paguen els ve\u00efns estiguen calculats a partir de xifres reals i no fruit del &#8216;boom&#8217; immobiliari de fa anys&#8221;.<\/p>\n","protected":false},"excerpt":{"rendered":"<div class=\"mh-excerpt\">El portaveu de Ciutadans (Cs) Alzira, Miguel Vidal, ha demanat al bipartit que incloga en els pressupostos les propostes aprovades ja pel ple. Vidal ha recordat que &#8220;a la passada legislatura es va aprovar l&#8217;estudi <a class=\"mh-excerpt-more\" href=\"https:\/\/tucomarca.whitekongsoftware.com\/ca\/ciutadans-alzira-demana-al-bipartit-que-incloga-en-els-pressupostos-les-propostes-aprovades-ja-pel-ple\/\" title=\"Ciutadans Alzira demana al bipartit que incloga en els pressupostos les propostes aprovades ja pel ple\">[+] <\/a><\/div>\n","protected":false},"author":1,"featured_media":94793,"comment_status":"open","ping_status":"open","sticky":false,"template":"","format":"standard","meta":{"footnotes":""},"categories":[10889,10948,10894,10902,10947,10896],"tags":[3640],"class_list":["post-98581","post","type-post","status-publish","format-standard","has-post-thumbnail","category-alzira-cat","category-infraestructuras-ca","category-la-comarca-ca","category-la-ribera-ca","category-politica","category-seccion-ca","tag-la-ribera-alta"],"_links":{"self":[{"href":"https:\/\/tucomarca.whitekongsoftware.com\/ca\/wp-json\/wp\/v2\/posts\/98581","targetHints":{"allow":["GET"]}}],"collection":[{"href":"https:\/\/tucomarca.whitekongsoftware.com\/ca\/wp-json\/wp\/v2\/posts"}],"about":[{"href":"https:\/\/tucomarca.whitekongsoftware.com\/ca\/wp-json\/wp\/v2\/types\/post"}],"author":[{"embeddable":true,"href":"https:\/\/tucomarca.whitekongsoftware.com\/ca\/wp-json\/wp\/v2\/users\/1"}],"replies":[{"embeddable":true,"href":"https:\/\/tucomarca.whitekongsoftware.com\/ca\/wp-json\/wp\/v2\/comments?post=98581"}],"version-history":[{"count":0,"href":"https:\/\/tucomarca.whitekongsoftware.com\/ca\/wp-json\/wp\/v2\/posts\/98581\/revisions"}],"wp:featuredmedia":[{"embeddable":true,"href":"https:\/\/tucomarca.whitekongsoftware.com\/ca\/wp-json\/wp\/v2\/media\/94793"}],"wp:attachment":[{"href":"https:\/\/tucomarca.whitekongsoftware.com\/ca\/wp-json\/wp\/v2\/media?parent=98581"}],"wp:term":[{"taxonomy":"category","embeddable":true,"href":"https:\/\/tucomarca.whitekongsoftware.com\/ca\/wp-json\/wp\/v2\/categories?post=98581"},{"taxonomy":"post_tag","embeddable":true,"href":"https:\/\/tucomarca.whitekongsoftware.com\/ca\/wp-json\/wp\/v2\/tags?post=98581"}],"curies":[{"name":"wp","href":"https:\/\/api.w.org\/{rel}","templated":true}]}}