{"id":98568,"date":"2020-01-20T21:38:32","date_gmt":"2020-01-20T19:38:32","guid":{"rendered":"http:\/\/www.tucomarca.com\/wordpress\/segunda\/?p=98568"},"modified":"2020-01-20T21:38:41","modified_gmt":"2020-01-20T19:38:41","slug":"lalcalde-de-benaguasil-es-reuneix-amb-responsables-de-sanitat-per-a-traslladar-los-la-problematica-de-centre-de-salut-pel-que-fa-a-el-servei-de-pediatria","status":"publish","type":"post","link":"https:\/\/tucomarca.whitekongsoftware.com\/ca\/lalcalde-de-benaguasil-es-reuneix-amb-responsables-de-sanitat-per-a-traslladar-los-la-problematica-de-centre-de-salut-pel-que-fa-a-el-servei-de-pediatria\/","title":{"rendered":"L&#8217;alcalde de Benaguasil es reuneix amb responsables de Sanitat per a traslladar-los la problem\u00e0tica de centre de salut pel que fa a el servei de pediatria"},"content":{"rendered":"\n<div class=\"wp-block-image\"><figure class=\"alignright is-resized\"><img loading=\"lazy\" decoding=\"async\" src=\"http:\/\/www.tucomarca.com\/wordpress\/segunda\/wp-content\/uploads\/2020\/01\/AliciaMolina-1024x748.jpg\" alt=\"La concejala Alicia Molina.\" class=\"wp-image-98546\" width=\"270\" height=\"196\" srcset=\"https:\/\/tucomarca.whitekongsoftware.com\/wp-content\/uploads\/2020\/01\/AliciaMolina-1024x748.jpg 1024w, https:\/\/tucomarca.whitekongsoftware.com\/wp-content\/uploads\/2020\/01\/AliciaMolina-300x219.jpg 300w, https:\/\/tucomarca.whitekongsoftware.com\/wp-content\/uploads\/2020\/01\/AliciaMolina-768x561.jpg 768w, https:\/\/tucomarca.whitekongsoftware.com\/wp-content\/uploads\/2020\/01\/AliciaMolina.jpg 1600w\" sizes=\"auto, (max-width: 270px) 100vw, 270px\" \/><figcaption>La concejala Alicia Molina.<\/figcaption><\/figure><\/div>\n\n\n\n<p class=\"wp-block-paragraph\">L&#8217;alcalde de Benaguasil, Ximo Segarra i la regidora de Sanitat, Alicia Molina, s&#8217;han reunit aquest mat\u00ed amb la Gerent de el Departament de l&#8217;Hospital Arnau-Ll\u00edria, M\u00aa Jes\u00fas Arilla; el Director M\u00e8dic, Antonio Bueno i el coordinador d&#8217;el Centre de Salut de Benaguasil, Rafael Carlavilla, per &#8220;traslladar-los la inquietud manifesta dels ve\u00efns respecte a el servei de pediatria i la manca de personal m\u00e8dic&#8221;, segons han informat fonts municipals.<\/p>\n\n\n\n<p class=\"wp-block-paragraph\">Concretament Ximo Segarra i Alicia Molina han demandat que s&#8217;ocupi &#8220;al m\u00e9s aviat possible la vacant en el departament de pediatria&#8221;, i han reclamat que es &#8220;incrementi el nombre de professionals que presta els seus serveis dins el Centre per a una millor atenci\u00f3&#8221;.<\/p>\n\n\n\n<p class=\"wp-block-paragraph\">Des de l&#8217;Ajuntament han destacat l&#8217;ambient &#8220;cordial&#8221; de la reuni\u00f3, en la qual s&#8217;ha transm\u00e8s &#8220;la bona voluntat dels responsables sanitaris perqu\u00e8 al m\u00e9s aviat es doni soluci\u00f3 a el tema de l&#8217;pediatre&#8221;, aix\u00ed com s&#8217;ha acordat &#8220;parlar amb recursos humans de la Conselleria de Sanitat per conjuntament traslladar-li aquestes peticions &#8220;.<\/p>\n","protected":false},"excerpt":{"rendered":"<div class=\"mh-excerpt\">L&#8217;alcalde de Benaguasil, Ximo Segarra i la regidora de Sanitat, Alicia Molina, s&#8217;han reunit aquest mat\u00ed amb la Gerent de el Departament de l&#8217;Hospital Arnau-Ll\u00edria, M\u00aa Jes\u00fas Arilla; el Director M\u00e8dic, Antonio Bueno i el <a class=\"mh-excerpt-more\" href=\"https:\/\/tucomarca.whitekongsoftware.com\/ca\/lalcalde-de-benaguasil-es-reuneix-amb-responsables-de-sanitat-per-a-traslladar-los-la-problematica-de-centre-de-salut-pel-que-fa-a-el-servei-de-pediatria\/\" title=\"L&#8217;alcalde de Benaguasil es reuneix amb responsables de Sanitat per a traslladar-los la problem\u00e0tica de centre de salut pel que fa a el servei de pediatria\">[+] <\/a><\/div>\n","protected":false},"author":1,"featured_media":98545,"comment_status":"open","ping_status":"open","sticky":false,"template":"","format":"standard","meta":{"footnotes":""},"categories":[10952,10892,11010,10948,10894,10947,10896],"tags":[10395,10899],"class_list":["post-98568","post","type-post","status-publish","format-standard","has-post-thumbnail","category-benaguasil-ca","category-camp-de-turia-ca","category-canal-salud","category-infraestructuras-ca","category-la-comarca-ca","category-politica","category-seccion-ca","tag-camp-de-turia","tag-camp-de-turia-ca"],"_links":{"self":[{"href":"https:\/\/tucomarca.whitekongsoftware.com\/ca\/wp-json\/wp\/v2\/posts\/98568","targetHints":{"allow":["GET"]}}],"collection":[{"href":"https:\/\/tucomarca.whitekongsoftware.com\/ca\/wp-json\/wp\/v2\/posts"}],"about":[{"href":"https:\/\/tucomarca.whitekongsoftware.com\/ca\/wp-json\/wp\/v2\/types\/post"}],"author":[{"embeddable":true,"href":"https:\/\/tucomarca.whitekongsoftware.com\/ca\/wp-json\/wp\/v2\/users\/1"}],"replies":[{"embeddable":true,"href":"https:\/\/tucomarca.whitekongsoftware.com\/ca\/wp-json\/wp\/v2\/comments?post=98568"}],"version-history":[{"count":0,"href":"https:\/\/tucomarca.whitekongsoftware.com\/ca\/wp-json\/wp\/v2\/posts\/98568\/revisions"}],"wp:featuredmedia":[{"embeddable":true,"href":"https:\/\/tucomarca.whitekongsoftware.com\/ca\/wp-json\/wp\/v2\/media\/98545"}],"wp:attachment":[{"href":"https:\/\/tucomarca.whitekongsoftware.com\/ca\/wp-json\/wp\/v2\/media?parent=98568"}],"wp:term":[{"taxonomy":"category","embeddable":true,"href":"https:\/\/tucomarca.whitekongsoftware.com\/ca\/wp-json\/wp\/v2\/categories?post=98568"},{"taxonomy":"post_tag","embeddable":true,"href":"https:\/\/tucomarca.whitekongsoftware.com\/ca\/wp-json\/wp\/v2\/tags?post=98568"}],"curies":[{"name":"wp","href":"https:\/\/api.w.org\/{rel}","templated":true}]}}