{"id":98566,"date":"2020-01-20T21:24:32","date_gmt":"2020-01-20T19:24:32","guid":{"rendered":"http:\/\/www.tucomarca.com\/wordpress\/segunda\/?p=98566"},"modified":"2020-01-20T21:24:41","modified_gmt":"2020-01-20T19:24:41","slug":"la-mancomunitat-de-linterior-terra-de-el-vi-obri-tres-borses-de-treball","status":"publish","type":"post","link":"https:\/\/tucomarca.whitekongsoftware.com\/ca\/la-mancomunitat-de-linterior-terra-de-el-vi-obri-tres-borses-de-treball\/","title":{"rendered":"La mancomunitat de l&#8217;Interior Terra de el Vi obri tres borses de treball"},"content":{"rendered":"\n<p class=\"wp-block-paragraph\">La Mancomunitat de l&#8217;Interior Terra de el Vi ha aprovat les bases i la convocat\u00f2ria per a la constituci\u00f3 de tres borses d&#8217;ocupaci\u00f3: T\u00e8cnic d&#8217;Ocupaci\u00f3 i Estrat\u00e8gia Territorial, T\u00e8cnic d&#8217;Assessorament Empresarial i Coach per al Foment de Din\u00e0miques participatives.<\/p>\n\n\n\n<p class=\"wp-block-paragraph\">Els seleccionats passaran a formar part de l&#8217;equip de el Projecte Experimental d&#8217;Ocupaci\u00f3 ADAPT @ + T 2019, dissenyat per la Mancomunitat de l&#8217;Interior Terra de el Vi en el marc de les ajudes EMPACE 2019 de LABORA destinades a fomentar els Acords Territorials en mat\u00e8ria d&#8217;Ocupaci\u00f3 i Desenvolupament local a la Comunitat Valenciana, entre els quals es troba el d&#8217;aquesta entitat comarcal.<\/p>\n\n\n\n<p class=\"wp-block-paragraph\">Les l\u00ednies d&#8217;actuaci\u00f3 de el projecte es divideixen en diversos apartats: Acceleraci\u00f3 empresarial, Adapted Training, Elaboraci\u00f3 de l&#8217;Estrat\u00e8gia Territorial, Estructura comarcal participativa permanent, E-Inclusi\u00f3, E-Skills, Intermediaci\u00f3 a mida i Networking.<\/p>\n\n\n\n<p class=\"wp-block-paragraph\">L&#8217;Acord Territorial en mat\u00e8ria d&#8217;Ocupaci\u00f3 i Desenvolupament Local de la Mancomunitat de l&#8217;Interior Terra de el Vi va ser promogut a 2018 a trav\u00e9s del programa Avalem Territori de la Generalitat Valenciana, que busca la realitzaci\u00f3 de pol\u00edtiques territorials orientades a les necessitats reals de foment de l&#8217;ocupaci\u00f3 en la zona. El pla compta amb l&#8217;adhesi\u00f3 de diferents agents socials del territori, entre els quals es troben entitats p\u00fabliques i privades com ajuntaments, associacions, sindicats, grups d&#8217;acci\u00f3 local i empreses. Fruit d&#8217;aquest Acord Territorial, la Mancomunitat de l&#8217;Interior ja va desenvolupar el primer projecte experimental d&#8217;ocupaci\u00f3 a la comarca al llarg de l&#8217;any passat.<\/p>\n\n\n\n<p class=\"wp-block-paragraph\"><strong>Termini i presentaci\u00f3 d&#8217;inst\u00e0ncies:<\/strong><\/p>\n\n\n\n<p class=\"wp-block-paragraph\">El termini de presentaci\u00f3 d&#8217;inst\u00e0ncies \u00e9s de 7 dies h\u00e0bils a comptar de l&#8217;endem\u00e0 de la publicaci\u00f3 d&#8217;aquest anunci a la seu electr\u00f2nica de la Mancomunitat.<\/p>\n\n\n\n<p class=\"wp-block-paragraph\">Les inst\u00e0ncies hauran d&#8217;anar acompanyades de la documentaci\u00f3 que consta en cadascuna de les BASES, es dirigiran al Sr. President i s&#8217;han de presentar des de la seu electr\u00f2nica de la Mancomunitat de l&#8217;Interior Terra de el Vi en l&#8217;opci\u00f3 INST\u00c0NCIA GENERAL, al Registre General d&#8217;aquesta entitat o en algun dels registres a qu\u00e8 es refereix l&#8217;article 16.4 de la Llei 39\/2015, d&#8217;1 d&#8217;octubre (en aquest cas la persona interessada ha de comunicar a aquesta entitat). El text \u00edntegre de les bases i les convocat\u00f2ries es poden consultar al tauler d&#8217;anuncis de la seu electr\u00f2nica de la Mancomunitat.<\/p>\n","protected":false},"excerpt":{"rendered":"<div class=\"mh-excerpt\">La Mancomunitat de l&#8217;Interior Terra de el Vi ha aprovat les bases i la convocat\u00f2ria per a la constituci\u00f3 de tres borses d&#8217;ocupaci\u00f3: T\u00e8cnic d&#8217;Ocupaci\u00f3 i Estrat\u00e8gia Territorial, T\u00e8cnic d&#8217;Assessorament Empresarial i Coach per al <a class=\"mh-excerpt-more\" href=\"https:\/\/tucomarca.whitekongsoftware.com\/ca\/la-mancomunitat-de-linterior-terra-de-el-vi-obri-tres-borses-de-treball\/\" title=\"La mancomunitat de l&#8217;Interior Terra de el Vi obri tres borses de treball\">[+] <\/a><\/div>\n","protected":false},"author":1,"featured_media":97214,"comment_status":"open","ping_status":"open","sticky":false,"template":"","format":"standard","meta":{"footnotes":""},"categories":[10948,10894,10947,10909,10896],"tags":[10910,10387],"class_list":["post-98566","post","type-post","status-publish","format-standard","has-post-thumbnail","category-infraestructuras-ca","category-la-comarca-ca","category-politica","category-requena-utiel-ca","category-seccion-ca","tag-requena-utiel-ca","tag-requena-utiel"],"_links":{"self":[{"href":"https:\/\/tucomarca.whitekongsoftware.com\/ca\/wp-json\/wp\/v2\/posts\/98566","targetHints":{"allow":["GET"]}}],"collection":[{"href":"https:\/\/tucomarca.whitekongsoftware.com\/ca\/wp-json\/wp\/v2\/posts"}],"about":[{"href":"https:\/\/tucomarca.whitekongsoftware.com\/ca\/wp-json\/wp\/v2\/types\/post"}],"author":[{"embeddable":true,"href":"https:\/\/tucomarca.whitekongsoftware.com\/ca\/wp-json\/wp\/v2\/users\/1"}],"replies":[{"embeddable":true,"href":"https:\/\/tucomarca.whitekongsoftware.com\/ca\/wp-json\/wp\/v2\/comments?post=98566"}],"version-history":[{"count":0,"href":"https:\/\/tucomarca.whitekongsoftware.com\/ca\/wp-json\/wp\/v2\/posts\/98566\/revisions"}],"wp:featuredmedia":[{"embeddable":true,"href":"https:\/\/tucomarca.whitekongsoftware.com\/ca\/wp-json\/wp\/v2\/media\/97214"}],"wp:attachment":[{"href":"https:\/\/tucomarca.whitekongsoftware.com\/ca\/wp-json\/wp\/v2\/media?parent=98566"}],"wp:term":[{"taxonomy":"category","embeddable":true,"href":"https:\/\/tucomarca.whitekongsoftware.com\/ca\/wp-json\/wp\/v2\/categories?post=98566"},{"taxonomy":"post_tag","embeddable":true,"href":"https:\/\/tucomarca.whitekongsoftware.com\/ca\/wp-json\/wp\/v2\/tags?post=98566"}],"curies":[{"name":"wp","href":"https:\/\/api.w.org\/{rel}","templated":true}]}}