{"id":98539,"date":"2020-01-20T15:53:44","date_gmt":"2020-01-20T13:53:44","guid":{"rendered":"http:\/\/www.tucomarca.com\/wordpress\/segunda\/ava-asaja-califica-las-nevadas-y-lluvias-de-beneficiosas-para-los-cultivos-del-interior-pero-muestra-su-preocupacion-por-los-perjuicios-en-frutas-y-hortalizas\/"},"modified":"2020-01-20T16:03:19","modified_gmt":"2020-01-20T14:03:19","slug":"ava-asaja-califica-las-nevadas-y-lluvias-de-beneficiosas-para-los-cultivos-del-interior-pero-muestra-su-preocupacion-por-los-perjuicios-en-frutas-y-hortalizas","status":"publish","type":"post","link":"https:\/\/tucomarca.whitekongsoftware.com\/ca\/ava-asaja-califica-las-nevadas-y-lluvias-de-beneficiosas-para-los-cultivos-del-interior-pero-muestra-su-preocupacion-por-los-perjuicios-en-frutas-y-hortalizas\/","title":{"rendered":"AVA-Asaja qualifica les nevades i pluges de \u00abbeneficioses per als cultius de l\u2019interior\u00bb per\u00f2 mostra la seua preocupaci\u00f3 pels perjudicis en fruites i hortalisses"},"content":{"rendered":"\n<p class=\"wp-block-paragraph\">El temporal d\u2019intenses nevades, pluges i vent que castiga a la Comunitat Valenciana ja est\u00e0 ocasionant danys de gravetat al camp. Segons una primera estimaci\u00f3 d\u2019urg\u00e8ncia efectuada per l\u2019Associaci\u00f3 Valenciana d\u2019Agricultors (AVA-ASAJA), les ratxes de vent superiors als 100 km \/ h han tirat a terra fins al 80% dels c\u00edtrics en algunes parcel\u00b7les de les comarques de la Marina , la Safor, la Costera i la Ribera, una p\u00e8rdua de collita que podria anar a m\u00e9s en els propers dies a causa dels cops per ramejat en la fruita, a l\u2019exc\u00e9s d\u2019humitat en el s\u00f2l i, en alguns casos, per la neu acumulada sobre els tarongers.<\/p>\n\n\n\n<p class=\"wp-block-paragraph\">AVA-ASAJA manifesta la seva \u201cpreocupaci\u00f3\u201d pels efectes negatius de la borrasca Gl\u00f2ria enmig d\u2019una campanya citr\u00edcola caracteritzada per una minva de el 30% de la producci\u00f3 auton\u00f2mica -ja castigada pels danys registrats per vent durant el mes de desembre- i uns preus en origen a l\u2019al\u00e7a. Les varietats m\u00e9s damnificades pel temporal s\u00f3n aquelles que es troben en plena recollida o que arribaran el seu grau \u00f2ptim de maduraci\u00f3 en els propers mesos: taronges Lane, Sanguinelli, Val\u00e8ncia i Powell, aix\u00ed com mandarines Nadorcott i Tango.<\/p>\n\n\n\n<p class=\"wp-block-paragraph\">Igualment l\u2019associaci\u00f3 tem perjudicis en hortalisses de temporada -coles, enciams, carxofes o cebollas- i en la temporada que de fruiters i ametllers. Aix\u00ed mateix, no cal descartar desperfectes en infraestructures agr\u00e0ries, com ara hivernacles, magatzems agr\u00edcoles o malles per protegir cultius hort\u00edcoles. Amb tot, AVA-ASAJA aclareix que caldr\u00e0 esperar a veure com evoluciona el clima i al fet que els agricultors puguin accedir a les seves parcel\u00b7les per estar en condicions de valorar de manera precisa l\u2019abast dels danys.<\/p>\n\n\n\n<p class=\"wp-block-paragraph\">A les zones de l\u2019interior el fred, la neu i l\u2019aigua estan resultant molt beneficiosos, especialment per a cultius com la vinya i l\u2019olivar, perqu\u00e8 aquest episodi clim\u00e0tic s\u2019adapta perfectament a les necessitats de l\u2019cicle vegetatiu durant l\u2019hivern, rec\u00e0rrega aq\u00fc\u00edfers i pantans, millora la lluita contra plagues i malalties, etc.<\/p>\n","protected":false},"excerpt":{"rendered":"<div class=\"mh-excerpt\">El temporal d\u2019intenses nevades, pluges i vent que castiga a la Comunitat Valenciana ja est\u00e0 ocasionant danys de gravetat al camp. Segons una primera estimaci\u00f3 d\u2019urg\u00e8ncia efectuada per l\u2019Associaci\u00f3 Valenciana d\u2019Agricultors (AVA-ASAJA), les ratxes de <a class=\"mh-excerpt-more\" href=\"https:\/\/tucomarca.whitekongsoftware.com\/ca\/ava-asaja-califica-las-nevadas-y-lluvias-de-beneficiosas-para-los-cultivos-del-interior-pero-muestra-su-preocupacion-por-los-perjuicios-en-frutas-y-hortalizas\/\" title=\"AVA-Asaja qualifica les nevades i pluges de \u00abbeneficioses per als cultius de l\u2019interior\u00bb per\u00f2 mostra la seua preocupaci\u00f3 pels perjudicis en fruites i hortalisses\">[+] <\/a><\/div>\n","protected":false},"author":1,"featured_media":98529,"comment_status":"open","ping_status":"open","sticky":false,"template":"","format":"standard","meta":{"footnotes":""},"categories":[10905,10898,10948,10894,10904,10902,10896,10897],"tags":[3640,9229],"class_list":["post-98539","post","type-post","status-publish","format-standard","has-post-thumbnail","category-agricultura-la-comarca-ca","category-ventana-ca","category-infraestructuras-ca","category-la-comarca-ca","category-sin-categorizar-ca","category-la-ribera-ca","category-seccion-ca","category-sucesos-la-comarca-ca","tag-la-ribera-alta","tag-temporal"],"_links":{"self":[{"href":"https:\/\/tucomarca.whitekongsoftware.com\/ca\/wp-json\/wp\/v2\/posts\/98539","targetHints":{"allow":["GET"]}}],"collection":[{"href":"https:\/\/tucomarca.whitekongsoftware.com\/ca\/wp-json\/wp\/v2\/posts"}],"about":[{"href":"https:\/\/tucomarca.whitekongsoftware.com\/ca\/wp-json\/wp\/v2\/types\/post"}],"author":[{"embeddable":true,"href":"https:\/\/tucomarca.whitekongsoftware.com\/ca\/wp-json\/wp\/v2\/users\/1"}],"replies":[{"embeddable":true,"href":"https:\/\/tucomarca.whitekongsoftware.com\/ca\/wp-json\/wp\/v2\/comments?post=98539"}],"version-history":[{"count":0,"href":"https:\/\/tucomarca.whitekongsoftware.com\/ca\/wp-json\/wp\/v2\/posts\/98539\/revisions"}],"wp:featuredmedia":[{"embeddable":true,"href":"https:\/\/tucomarca.whitekongsoftware.com\/ca\/wp-json\/wp\/v2\/media\/98529"}],"wp:attachment":[{"href":"https:\/\/tucomarca.whitekongsoftware.com\/ca\/wp-json\/wp\/v2\/media?parent=98539"}],"wp:term":[{"taxonomy":"category","embeddable":true,"href":"https:\/\/tucomarca.whitekongsoftware.com\/ca\/wp-json\/wp\/v2\/categories?post=98539"},{"taxonomy":"post_tag","embeddable":true,"href":"https:\/\/tucomarca.whitekongsoftware.com\/ca\/wp-json\/wp\/v2\/tags?post=98539"}],"curies":[{"name":"wp","href":"https:\/\/api.w.org\/{rel}","templated":true}]}}