{"id":98508,"date":"2020-01-19T16:10:34","date_gmt":"2020-01-19T14:10:34","guid":{"rendered":"http:\/\/www.tucomarca.com\/wordpress\/segunda\/?p=98508"},"modified":"2020-01-19T16:10:37","modified_gmt":"2020-01-19T14:10:37","slug":"els-convocants-qualifiquen-dexit-les-concentracions-sobre-la-llibertat-deleccio-de-llengua-en-dotze-localitats-valencianes","status":"publish","type":"post","link":"https:\/\/tucomarca.whitekongsoftware.com\/ca\/els-convocants-qualifiquen-dexit-les-concentracions-sobre-la-llibertat-deleccio-de-llengua-en-dotze-localitats-valencianes\/","title":{"rendered":"Els convocants qualifiquen &#8220;d&#8217;\u00e8xit&#8221; les concentracions sobre la llibertat d&#8217;elecci\u00f3 de llengua en dotze localitats valencianes"},"content":{"rendered":"\n<figure class=\"wp-block-image\"><img loading=\"lazy\" decoding=\"async\" width=\"1024\" height=\"646\" src=\"http:\/\/www.tucomarca.com\/wordpress\/segunda\/wp-content\/uploads\/2020\/01\/Castellano01-1024x646.jpg\" alt=\"\" class=\"wp-image-98503\" srcset=\"https:\/\/tucomarca.whitekongsoftware.com\/wp-content\/uploads\/2020\/01\/Castellano01-1024x646.jpg 1024w, https:\/\/tucomarca.whitekongsoftware.com\/wp-content\/uploads\/2020\/01\/Castellano01-300x189.jpg 300w, https:\/\/tucomarca.whitekongsoftware.com\/wp-content\/uploads\/2020\/01\/Castellano01-768x484.jpg 768w\" sizes=\"auto, (max-width: 1024px) 100vw, 1024px\" \/><\/figure>\n\n\n\n<figure class=\"wp-block-image\"><img loading=\"lazy\" decoding=\"async\" width=\"1024\" height=\"565\" src=\"http:\/\/www.tucomarca.com\/wordpress\/segunda\/wp-content\/uploads\/2020\/01\/Castellano02-1024x565.jpg\" alt=\"\" class=\"wp-image-98504\" srcset=\"https:\/\/tucomarca.whitekongsoftware.com\/wp-content\/uploads\/2020\/01\/Castellano02-1024x565.jpg 1024w, https:\/\/tucomarca.whitekongsoftware.com\/wp-content\/uploads\/2020\/01\/Castellano02-300x165.jpg 300w, https:\/\/tucomarca.whitekongsoftware.com\/wp-content\/uploads\/2020\/01\/Castellano02-768x424.jpg 768w\" sizes=\"auto, (max-width: 1024px) 100vw, 1024px\" \/><\/figure>\n\n\n\n<p class=\"wp-block-paragraph\">Associacions de mares i pares d&#8217;alumnes costat d&#8217;organitzacions i representants de diversos partits pol\u00edtics com PP, Ciutadans i Vox han participat aquest dissabte en diverses manifestacions en un total de dotze localitats de la Comunitat Valenciana en protesta per la Llei de Pluriling\u00fcisme auton\u00f2mica, entre elles Utiel i Requena.<\/p>\n\n\n\n<p class=\"wp-block-paragraph\">La concentraci\u00f3 principal s&#8217;ha produ\u00eft a Oriola, convocada per la Federaci\u00f3 d&#8217;Associacions de Pares d&#8217;Alumnes (Fapa) d&#8217;Alacant i a la qual, segons la Policia Local, han acudit 17.000 persones amb el lema &#8220;Pel dret a triar llengua vehicular&#8221;; marxa tamb\u00e9 promoguda per associacions com &#8220;Parlem Espanyol&#8221;.<\/p>\n\n\n\n<p class=\"wp-block-paragraph\">&#8220;Sortim als carrers de la Comunitat Valenciana per la llibertat per poder estudiar en la llengua que ens uneix a milions de persones a Espanya ia centenars de milions a tot el m\u00f3n, la llengua que molts de nosaltres tenim com a pr\u00f2pia, aquella en qu\u00e8 preferim expressar-nos &#8220;, com han manifestat fonts convocants de&#8221; Parlem Espanyol &#8220;.<\/p>\n\n\n\n<p class=\"wp-block-paragraph\">Des de l&#8217;organitzaci\u00f3 han qualificat de &#8220;gran \u00e8xit les concentracions d&#8217;aquest dissabte a Requena i Utiel, on dos representants de &#8216;Parlem Espanyol&#8217; han llegit un vibrant manifest&#8221;.<\/p>\n\n\n\n<p class=\"wp-block-paragraph\">&#8220;D&#8217;altra banda, els equips de l&#8217;associaci\u00f3 en altres deu localitats han apropat la Llibertat d&#8217;Elecci\u00f3 de Llengua a les portes de escoles a instituts, acompanyats per col\u00b7laboradors de Parlem Espanyol, que ja s&#8217;estan organitzant per comen\u00e7ar la recollida de signatures de la ILP, que en breu esperen ser\u00e0 acceptada per les Corts Valencianes &#8220;, han afegit els convocants.<\/p>\n\n\n\n<p class=\"wp-block-paragraph\">El manifest elaborat per la FAPA convocava a aquesta protesta &#8220;a alumnes, germans, pares, avis i tot aquell que vulgui venir per defensar el dret a triar la llengua vehicular de les fam\u00edlies en el proc\u00e9s d&#8217;aprenentatge dels seus fills i filles&#8221;, i que &#8220;el programa d&#8217;educaci\u00f3 pluriling\u00fce i intercultural s&#8217;elabori d&#8217;acord amb les necessitats de l&#8217;context socioeducatiu i demoling\u00fc\u00edstico de centre i tingui en compte les peculiaritats de la zona en la qual es trobi ubicat el mateix&#8221;.<\/p>\n","protected":false},"excerpt":{"rendered":"<div class=\"mh-excerpt\">Associacions de mares i pares d&#8217;alumnes costat d&#8217;organitzacions i representants de diversos partits pol\u00edtics com PP, Ciutadans i Vox han participat aquest dissabte en diverses manifestacions en un total de dotze localitats de la Comunitat <a class=\"mh-excerpt-more\" href=\"https:\/\/tucomarca.whitekongsoftware.com\/ca\/els-convocants-qualifiquen-dexit-les-concentracions-sobre-la-llibertat-deleccio-de-llengua-en-dotze-localitats-valencianes\/\" title=\"Els convocants qualifiquen &#8220;d&#8217;\u00e8xit&#8221; les concentracions sobre la llibertat d&#8217;elecci\u00f3 de llengua en dotze localitats valencianes\">[+] <\/a><\/div>\n","protected":false},"author":1,"featured_media":98510,"comment_status":"open","ping_status":"open","sticky":false,"template":"","format":"standard","meta":{"footnotes":""},"categories":[10898,10948,10894,10904,10947,10908,10909,10896,11059],"tags":[10387],"class_list":["post-98508","post","type-post","status-publish","format-standard","has-post-thumbnail","category-ventana-ca","category-infraestructuras-ca","category-la-comarca-ca","category-sin-categorizar-ca","category-politica","category-requena-ca","category-requena-utiel-ca","category-seccion-ca","category-utiel-ca","tag-requena-utiel"],"_links":{"self":[{"href":"https:\/\/tucomarca.whitekongsoftware.com\/ca\/wp-json\/wp\/v2\/posts\/98508","targetHints":{"allow":["GET"]}}],"collection":[{"href":"https:\/\/tucomarca.whitekongsoftware.com\/ca\/wp-json\/wp\/v2\/posts"}],"about":[{"href":"https:\/\/tucomarca.whitekongsoftware.com\/ca\/wp-json\/wp\/v2\/types\/post"}],"author":[{"embeddable":true,"href":"https:\/\/tucomarca.whitekongsoftware.com\/ca\/wp-json\/wp\/v2\/users\/1"}],"replies":[{"embeddable":true,"href":"https:\/\/tucomarca.whitekongsoftware.com\/ca\/wp-json\/wp\/v2\/comments?post=98508"}],"version-history":[{"count":0,"href":"https:\/\/tucomarca.whitekongsoftware.com\/ca\/wp-json\/wp\/v2\/posts\/98508\/revisions"}],"wp:featuredmedia":[{"embeddable":true,"href":"https:\/\/tucomarca.whitekongsoftware.com\/ca\/wp-json\/wp\/v2\/media\/98510"}],"wp:attachment":[{"href":"https:\/\/tucomarca.whitekongsoftware.com\/ca\/wp-json\/wp\/v2\/media?parent=98508"}],"wp:term":[{"taxonomy":"category","embeddable":true,"href":"https:\/\/tucomarca.whitekongsoftware.com\/ca\/wp-json\/wp\/v2\/categories?post=98508"},{"taxonomy":"post_tag","embeddable":true,"href":"https:\/\/tucomarca.whitekongsoftware.com\/ca\/wp-json\/wp\/v2\/tags?post=98508"}],"curies":[{"name":"wp","href":"https:\/\/api.w.org\/{rel}","templated":true}]}}