{"id":98496,"date":"2020-01-18T17:35:07","date_gmt":"2020-01-18T15:35:07","guid":{"rendered":"http:\/\/www.tucomarca.com\/wordpress\/segunda\/?p=98496"},"modified":"2020-01-18T17:35:09","modified_gmt":"2020-01-18T15:35:09","slug":"emergencies-adverteix-de-larribada-dun-fort-temporal-dhivern-acompanyat-de-neu-pluja-vent-i-fenomens-costaners","status":"publish","type":"post","link":"https:\/\/tucomarca.whitekongsoftware.com\/ca\/emergencies-adverteix-de-larribada-dun-fort-temporal-dhivern-acompanyat-de-neu-pluja-vent-i-fenomens-costaners\/","title":{"rendered":"Emerg\u00e8ncies adverteix de l&#8217;arribada d&#8217;un fort temporal d&#8217;hivern acompanyat de neu, pluja, vent i fen\u00f2mens costaners"},"content":{"rendered":"\n<p class=\"wp-block-paragraph\">El Centre de Coordinaci\u00f3 d&#8217;Emerg\u00e8ncies ha em\u00e8s un av\u00eds especial davant l&#8217;arribada d&#8217;un fort temporal d&#8217;hivern a partir de diumenge 19. Aquest temporal portar\u00e0 associats fen\u00f2mens de neu, pluja, vent i fen\u00f2mens costaners.<\/p>\n\n\n\n<p class=\"wp-block-paragraph\">Pr\u00e0cticament totes les zones de l&#8217;interior es veuran afectades per la neu, mentre que el vent i els fen\u00f2mens costaners se centraran en les zones litorals que a m\u00e9s tindran pluges de tipus persistent.<\/p>\n\n\n\n<p class=\"wp-block-paragraph\">Est\u00e0 previst que aquest temporal s&#8217;inici\u00ef a \u00faltimes hores de diumenge, amb cotes de neu molt baixes a la matinada dilluns.<\/p>\n\n\n\n<p class=\"wp-block-paragraph\">Amb tot aix\u00f2, des de l&#8217;Ag\u00e8ncia Valenciana de Seguretat i Resposta a les Emerg\u00e8ncies es recomana als municipis i organismes amb compet\u00e8ncies en la gesti\u00f3 de les emerg\u00e8ncies que mantinguin la necess\u00e0ria atenci\u00f3 i seguiment de tots els avisos que emeti durant aquests dies el Centre de Coordinaci\u00f3 d&#8217;Emerg\u00e8ncies de la Generalitat, amb la finalitat d&#8217;activar amb antelaci\u00f3 els seus protocols d&#8217;actuaci\u00f3 i establir les pertinents mesures preventives en els seus respectius \u00e0mbits.<\/p>\n\n\n\n<p class=\"wp-block-paragraph\"><strong>Recomanacions particulars<\/strong><\/p>\n\n\n\n<p class=\"wp-block-paragraph\">L&#8217;av\u00eds em\u00e8s en el mat\u00ed d&#8217;aquest divendres ve acompanyat d&#8217;unes recomanacions particulars on s&#8217;aconsella extremar la precauci\u00f3 en els seg\u00fcents \u00e0mbits:<\/p>\n\n\n\n<ul class=\"wp-block-list\"><li>Municipis de l&#8217;interior: estar preparats davant els problemes a la xarxa vi\u00e0ria que puguin portar a situacions d&#8217;a\u00efllament temporal, sobretot comprovar les comunicacions per informar de qualsevol tipus d&#8217;incid\u00e8ncia.<\/li><li>Municipis costaners: especial atenci\u00f3 als passejos mar\u00edtims que es podran veure afectats per un temporal de fort vent i onatge. Les pluges podrien tenir certa intensitat al sud de Val\u00e8ncia i nord d&#8217;Alacant.<\/li><li>Celebraci\u00f3 de les fogueres de Sant Ant\u00f3n: durant el cap de setmana ja s&#8217;espera que en algunes zones el vent pugui superar els 60 quil\u00f2metres per hora per la qual cosa s&#8217;han de prendre les mesures necess\u00e0ries per evitar qualsevol tipus d&#8217;incendi.<\/li><\/ul>\n","protected":false},"excerpt":{"rendered":"<div class=\"mh-excerpt\">El Centre de Coordinaci\u00f3 d&#8217;Emerg\u00e8ncies ha em\u00e8s un av\u00eds especial davant l&#8217;arribada d&#8217;un fort temporal d&#8217;hivern a partir de diumenge 19. Aquest temporal portar\u00e0 associats fen\u00f2mens de neu, pluja, vent i fen\u00f2mens costaners. Pr\u00e0cticament totes <a class=\"mh-excerpt-more\" href=\"https:\/\/tucomarca.whitekongsoftware.com\/ca\/emergencies-adverteix-de-larribada-dun-fort-temporal-dhivern-acompanyat-de-neu-pluja-vent-i-fenomens-costaners\/\" title=\"Emerg\u00e8ncies adverteix de l&#8217;arribada d&#8217;un fort temporal d&#8217;hivern acompanyat de neu, pluja, vent i fen\u00f2mens costaners\">[+] <\/a><\/div>\n","protected":false},"author":1,"featured_media":98497,"comment_status":"open","ping_status":"open","sticky":false,"template":"","format":"standard","meta":{"footnotes":""},"categories":[10898,10948,10894,10904,10903,10896,10897],"tags":[9229],"class_list":["post-98496","post","type-post","status-publish","format-standard","has-post-thumbnail","category-ventana-ca","category-infraestructuras-ca","category-la-comarca-ca","category-sin-categorizar-ca","category-medio-ambiente-la-comarca-ca","category-seccion-ca","category-sucesos-la-comarca-ca","tag-temporal"],"_links":{"self":[{"href":"https:\/\/tucomarca.whitekongsoftware.com\/ca\/wp-json\/wp\/v2\/posts\/98496","targetHints":{"allow":["GET"]}}],"collection":[{"href":"https:\/\/tucomarca.whitekongsoftware.com\/ca\/wp-json\/wp\/v2\/posts"}],"about":[{"href":"https:\/\/tucomarca.whitekongsoftware.com\/ca\/wp-json\/wp\/v2\/types\/post"}],"author":[{"embeddable":true,"href":"https:\/\/tucomarca.whitekongsoftware.com\/ca\/wp-json\/wp\/v2\/users\/1"}],"replies":[{"embeddable":true,"href":"https:\/\/tucomarca.whitekongsoftware.com\/ca\/wp-json\/wp\/v2\/comments?post=98496"}],"version-history":[{"count":0,"href":"https:\/\/tucomarca.whitekongsoftware.com\/ca\/wp-json\/wp\/v2\/posts\/98496\/revisions"}],"wp:featuredmedia":[{"embeddable":true,"href":"https:\/\/tucomarca.whitekongsoftware.com\/ca\/wp-json\/wp\/v2\/media\/98497"}],"wp:attachment":[{"href":"https:\/\/tucomarca.whitekongsoftware.com\/ca\/wp-json\/wp\/v2\/media?parent=98496"}],"wp:term":[{"taxonomy":"category","embeddable":true,"href":"https:\/\/tucomarca.whitekongsoftware.com\/ca\/wp-json\/wp\/v2\/categories?post=98496"},{"taxonomy":"post_tag","embeddable":true,"href":"https:\/\/tucomarca.whitekongsoftware.com\/ca\/wp-json\/wp\/v2\/tags?post=98496"}],"curies":[{"name":"wp","href":"https:\/\/api.w.org\/{rel}","templated":true}]}}