{"id":98399,"date":"2020-01-16T20:29:49","date_gmt":"2020-01-16T18:29:49","guid":{"rendered":"http:\/\/www.tucomarca.com\/wordpress\/segunda\/?p=98399"},"modified":"2020-01-16T20:29:58","modified_gmt":"2020-01-16T18:29:58","slug":"utiel-se-suma-a-la-campanya-de-reciclatge-de-volta-a-la-botiga","status":"publish","type":"post","link":"https:\/\/tucomarca.whitekongsoftware.com\/ca\/utiel-se-suma-a-la-campanya-de-reciclatge-de-volta-a-la-botiga\/","title":{"rendered":"Utiel se suma a la campanya de reciclatge &#8220;De-volta a la botiga&#8221;"},"content":{"rendered":"\n<p class=\"wp-block-paragraph\">El Consorci Val\u00e8ncia Interior (CVI), a qu\u00e8 pertany el municipi d&#8217;Utiel, ha llan\u00e7at una campanya de Conscienciaci\u00f3 i Sensibilitzaci\u00f3 de Recollida Selectiva de Residus d&#8217;Aparells El\u00e8ctrics i Electr\u00f2nics (RAEE) dins del territori de l&#8217;CVI, amb el nom &#8220;De-Volta a la botiga &#8220;per promoure el correcte reciclatge d&#8217;aquest tipus de residus en ecoparcs o botigues adherides.<\/p>\n\n\n\n<p class=\"wp-block-paragraph\">Una campanya a la qual se suma l&#8217;Ajuntament d&#8217;Utiel per sensibilitzar la poblaci\u00f3 sobre la import\u00e0ncia de les bones pr\u00e0ctiques de reciclatge per seguir recuperant aquest tipus de residus adequadament.<br> L&#8217;objectiu d&#8217;aquesta campanya \u00e9s informar la ciutadania sobre com dipositar correctament els RAEE per augmentar les xifres de recollida en els municipis consorciats com Utiel i promoure accions que redundin en la import\u00e0ncia de tirar aquests residus quan estan en des\u00fas en els llocs destinats per a aix\u00f2 : Botigues adherides, Ecom\u00f2bils o ecoparcs.<\/p>\n\n\n\n<p class=\"wp-block-paragraph\"><strong>Ecoparcs i botigues adherides<\/strong><\/p>\n\n\n\n<p class=\"wp-block-paragraph\">A Utiel, el servei d&#8217;ecoparc m\u00f2bil se situa al passeig pr\u00f2xim a Col\u00b7legi Enrique Rambal on es poden dipositar els diferents residus durant les dates indicades en el calendari.<\/p>\n\n\n\n<p class=\"wp-block-paragraph\">En aquest mes de gener, el ecom\u00f3vil presta servei des d&#8217;avui i fins el proper dissabte 18 de gener, en horari de 9.00 a 15.00 hores.<\/p>\n\n\n\n<p class=\"wp-block-paragraph\">Tamb\u00e9 els ve\u00efns del municipi poden dipositar tots els residus que no han d&#8217;anar a les escombraries (olis, cartutxos de tinta, electrodom\u00e8stics, piles, mobles i estris \u2026) en l&#8217;ecoparc fix ubicat al Pol\u00edgon El Melero, en Avinguda de la Ind\u00fastria, n\u00ba11.<\/p>\n\n\n\n<p class=\"wp-block-paragraph\">En el cas de la campanya de reciclatge d&#8217;aparells el\u00e8ctrics, a m\u00e9s de l&#8217;ecom\u00f3vil i ecoparc, els usuaris poden traslladar aquests residus a les botigues adherides a el pla posat en marxa pel consorci.<\/p>\n\n\n\n<p class=\"wp-block-paragraph\"><strong>Reciclar t\u00e9 premi<\/strong><\/p>\n\n\n\n<p class=\"wp-block-paragraph\">El bon comportament ciutad\u00e0 en mat\u00e8ria mediambiental es premia aix\u00ed que el reciclatge en ecoparcs inclou recompensa.<\/p>\n\n\n\n<p class=\"wp-block-paragraph\">En el cas d&#8217;Utiel, els ve\u00efns que fan \u00fas de la targeta d&#8217;identificaci\u00f3 ambiental en ecoparc o ecom\u00f3vil, obtenen punts que posteriorment es transformen en descomptes en els comer\u00e7os adherits a el pla &#8220;El meu compte ambiental&#8221;.<\/p>\n\n\n\n<p class=\"wp-block-paragraph\">Aquells que hagin reciclat amb la targeta ambiental, poden recollir els xecs de l&#8217;exercici 2019 fins dem\u00e0, divendres 17 de gener, a la seu de la Mancomunitat de l&#8217;Interior Terra de el Vi i poden canviar-los fins al pr\u00f2xim 31 de gener en els establiments vinculats a la campanya &#8220;Reciclar t\u00e9 premi&#8221;.<\/p>\n","protected":false},"excerpt":{"rendered":"<div class=\"mh-excerpt\">El Consorci Val\u00e8ncia Interior (CVI), a qu\u00e8 pertany el municipi d&#8217;Utiel, ha llan\u00e7at una campanya de Conscienciaci\u00f3 i Sensibilitzaci\u00f3 de Recollida Selectiva de Residus d&#8217;Aparells El\u00e8ctrics i Electr\u00f2nics (RAEE) dins del territori de l&#8217;CVI, amb <a class=\"mh-excerpt-more\" href=\"https:\/\/tucomarca.whitekongsoftware.com\/ca\/utiel-se-suma-a-la-campanya-de-reciclatge-de-volta-a-la-botiga\/\" title=\"Utiel se suma a la campanya de reciclatge &#8220;De-volta a la botiga&#8221;\">[+] <\/a><\/div>\n","protected":false},"author":1,"featured_media":98397,"comment_status":"open","ping_status":"open","sticky":false,"template":"","format":"standard","meta":{"footnotes":""},"categories":[10948,10894,10903,10947,10909,10896,11059],"tags":[10387,10910],"class_list":["post-98399","post","type-post","status-publish","format-standard","has-post-thumbnail","category-infraestructuras-ca","category-la-comarca-ca","category-medio-ambiente-la-comarca-ca","category-politica","category-requena-utiel-ca","category-seccion-ca","category-utiel-ca","tag-requena-utiel","tag-requena-utiel-ca"],"_links":{"self":[{"href":"https:\/\/tucomarca.whitekongsoftware.com\/ca\/wp-json\/wp\/v2\/posts\/98399","targetHints":{"allow":["GET"]}}],"collection":[{"href":"https:\/\/tucomarca.whitekongsoftware.com\/ca\/wp-json\/wp\/v2\/posts"}],"about":[{"href":"https:\/\/tucomarca.whitekongsoftware.com\/ca\/wp-json\/wp\/v2\/types\/post"}],"author":[{"embeddable":true,"href":"https:\/\/tucomarca.whitekongsoftware.com\/ca\/wp-json\/wp\/v2\/users\/1"}],"replies":[{"embeddable":true,"href":"https:\/\/tucomarca.whitekongsoftware.com\/ca\/wp-json\/wp\/v2\/comments?post=98399"}],"version-history":[{"count":0,"href":"https:\/\/tucomarca.whitekongsoftware.com\/ca\/wp-json\/wp\/v2\/posts\/98399\/revisions"}],"wp:featuredmedia":[{"embeddable":true,"href":"https:\/\/tucomarca.whitekongsoftware.com\/ca\/wp-json\/wp\/v2\/media\/98397"}],"wp:attachment":[{"href":"https:\/\/tucomarca.whitekongsoftware.com\/ca\/wp-json\/wp\/v2\/media?parent=98399"}],"wp:term":[{"taxonomy":"category","embeddable":true,"href":"https:\/\/tucomarca.whitekongsoftware.com\/ca\/wp-json\/wp\/v2\/categories?post=98399"},{"taxonomy":"post_tag","embeddable":true,"href":"https:\/\/tucomarca.whitekongsoftware.com\/ca\/wp-json\/wp\/v2\/tags?post=98399"}],"curies":[{"name":"wp","href":"https:\/\/api.w.org\/{rel}","templated":true}]}}