{"id":98356,"date":"2020-01-16T19:54:28","date_gmt":"2020-01-16T17:54:28","guid":{"rendered":"http:\/\/www.tucomarca.com\/wordpress\/segunda\/?p=98356"},"modified":"2020-01-16T19:54:35","modified_gmt":"2020-01-16T17:54:35","slug":"el-forum-agenda-21-de-leliana-treballa-per-a-establir-les-accions-contra-el-canvi-climatic","status":"publish","type":"post","link":"https:\/\/tucomarca.whitekongsoftware.com\/ca\/el-forum-agenda-21-de-leliana-treballa-per-a-establir-les-accions-contra-el-canvi-climatic\/","title":{"rendered":"El F\u00f2rum Agenda 21 de l&#8217;Eliana treballa per a establir les accions contra el canvi clim\u00e0tic"},"content":{"rendered":"\n<p class=\"wp-block-paragraph\"><strong>El proc\u00e9s de participaci\u00f3 ciutadana inclou una enquesta per a l&#8217;elaboraci\u00f3 del Pla d&#8217;Acci\u00f3 per al Clima i l&#8217;Energia Sostenible<\/strong><\/p>\n\n\n\n<p class=\"wp-block-paragraph\">Membres de la Comissi\u00f3 C\u00edvica d&#8217;Emerg\u00e8ncia Clim\u00e0tica juntament amb altres integrants del F\u00f2rum Agenda 21 es van reunir dijous passat 9 de gener amb l&#8217;objectiu de consensuar les actuacions espec\u00edfiques del Pla d&#8217;Acci\u00f3 per al Clima i l&#8217;Energia Sostenible (PACES2030) i con\u00e9ixer els documents t\u00e8cnics presentats per l&#8217;empresa redactora en el marc del Pacte de les Alcaldies.<\/p>\n\n\n\n<p class=\"wp-block-paragraph\">Despr\u00e9s de l&#8217;elaboraci\u00f3 de l&#8217;inventari d&#8217;emissions de CO\u2082 i l&#8217;avaluaci\u00f3 de riscos i vulnerabilitats pr\u00f2pies del municipi, ara es desenvoluparan una s\u00e8rie d&#8217;accions i mesures planificades, que una vegada aprovades pel Ple de l&#8217;Ajuntament, serviran com a full de ruta per a la consecuci\u00f3 d&#8217;objectius de mitigaci\u00f3 i adaptaci\u00f3 al canvi clim\u00e0tic fins a l&#8217;any 2030.<\/p>\n\n\n\n<p class=\"wp-block-paragraph\">El proc\u00e9s de participaci\u00f3 ciutadana per a completar el PACES s&#8217;ha concretat en tres moments diferents. Un primer moment en el qual es busca el \u201cenriquiment\u201d amb la t\u00e8cnica de 6 panells oberts dividits per \u00e0mbits d&#8217;actuaci\u00f3 per a recollir noves aportacions, propostes de canvi i prioritzaci\u00f3 dels grups de treball.&nbsp; La segona fase busca ampliar informaci\u00f3 sobre la prioritzaci\u00f3 d&#8217;\u00e0mbits, la capacitat d&#8217;actuaci\u00f3 i impacte a trav\u00e9s d&#8217;una enquesta QR de resposta individual que est\u00e0 oberta a la ciutadania a trav\u00e9s del formulari&nbsp; https:\/\/docs.google.com\/forms\/d\/e\/1FAIpQLSfMWOHtNFqpa4cUt52HFu4P7J7z1i9wWhnD2jy7Gp4ooznHtg\/viewform. Finalment, es completar\u00e0 el Llibre Blanc amb les aportacions dels ciutadans.<\/p>\n\n\n\n<p class=\"wp-block-paragraph\">El Pacte de les Alcaldies \u00e9s una iniciativa que compta amb m\u00e9s de 9.800 ciutats signants, posada en marxa en 2008 per la Comissi\u00f3 Europea, compromeses de manera volunt\u00e0ria a reduir les emissions de CO\u2082 en un 40% abans de 2030, millorar l&#8217;efici\u00e8ncia energ\u00e8tica, utilitzar fonts d&#8217;energia renovable i desenvolupar mesures per a adaptar-se a les conseq\u00fc\u00e8ncies del canvi clim\u00e0tic. L&#8217;Eliana forma part del moviment des de gener de 2017. Entre els anys 2010 i 2015 la localitat ha redu\u00eft el consum d&#8217;energia un 7%, mentre que les emissions de CO\u2082 produ\u00efdes en total en el municipi han disminu\u00eft un 6%. L&#8217;objectiu per a dins de 10 anys \u00e9s estalviar 39.348 kWh d&#8217;energia (27% del consum del 2010) i reduir 11.855 tones de CO\u2082 (40% de les emissions de 2010).<\/p>\n","protected":false},"excerpt":{"rendered":"<div class=\"mh-excerpt\">El proc\u00e9s de participaci\u00f3 ciutadana inclou una enquesta per a l&#8217;elaboraci\u00f3 del Pla d&#8217;Acci\u00f3 per al Clima i l&#8217;Energia Sostenible Membres de la Comissi\u00f3 C\u00edvica d&#8217;Emerg\u00e8ncia Clim\u00e0tica juntament amb altres integrants del F\u00f2rum Agenda 21 <a class=\"mh-excerpt-more\" href=\"https:\/\/tucomarca.whitekongsoftware.com\/ca\/el-forum-agenda-21-de-leliana-treballa-per-a-establir-les-accions-contra-el-canvi-climatic\/\" title=\"El F\u00f2rum Agenda 21 de l&#8217;Eliana treballa per a establir les accions contra el canvi clim\u00e0tic\">[+] <\/a><\/div>\n","protected":false},"author":12,"featured_media":98355,"comment_status":"open","ping_status":"open","sticky":false,"template":"","format":"standard","meta":{"footnotes":""},"categories":[10892,10894,10893,10903,10947,10896],"tags":[10433],"class_list":["post-98356","post","type-post","status-publish","format-standard","has-post-thumbnail","category-camp-de-turia-ca","category-la-comarca-ca","category-leliana-ca","category-medio-ambiente-la-comarca-ca","category-politica","category-seccion-ca","tag-leliana"],"_links":{"self":[{"href":"https:\/\/tucomarca.whitekongsoftware.com\/ca\/wp-json\/wp\/v2\/posts\/98356","targetHints":{"allow":["GET"]}}],"collection":[{"href":"https:\/\/tucomarca.whitekongsoftware.com\/ca\/wp-json\/wp\/v2\/posts"}],"about":[{"href":"https:\/\/tucomarca.whitekongsoftware.com\/ca\/wp-json\/wp\/v2\/types\/post"}],"author":[{"embeddable":true,"href":"https:\/\/tucomarca.whitekongsoftware.com\/ca\/wp-json\/wp\/v2\/users\/12"}],"replies":[{"embeddable":true,"href":"https:\/\/tucomarca.whitekongsoftware.com\/ca\/wp-json\/wp\/v2\/comments?post=98356"}],"version-history":[{"count":0,"href":"https:\/\/tucomarca.whitekongsoftware.com\/ca\/wp-json\/wp\/v2\/posts\/98356\/revisions"}],"wp:featuredmedia":[{"embeddable":true,"href":"https:\/\/tucomarca.whitekongsoftware.com\/ca\/wp-json\/wp\/v2\/media\/98355"}],"wp:attachment":[{"href":"https:\/\/tucomarca.whitekongsoftware.com\/ca\/wp-json\/wp\/v2\/media?parent=98356"}],"wp:term":[{"taxonomy":"category","embeddable":true,"href":"https:\/\/tucomarca.whitekongsoftware.com\/ca\/wp-json\/wp\/v2\/categories?post=98356"},{"taxonomy":"post_tag","embeddable":true,"href":"https:\/\/tucomarca.whitekongsoftware.com\/ca\/wp-json\/wp\/v2\/tags?post=98356"}],"curies":[{"name":"wp","href":"https:\/\/api.w.org\/{rel}","templated":true}]}}