{"id":98268,"date":"2020-01-14T16:08:36","date_gmt":"2020-01-14T14:08:36","guid":{"rendered":"http:\/\/www.tucomarca.com\/wordpress\/segunda\/?p=98268"},"modified":"2020-01-14T16:08:43","modified_gmt":"2020-01-14T14:08:43","slug":"ferrovial-serveis-i-socialcore-gestionaran-el-centre-de-dia-per-a-persones-majors-dependents-de-requena","status":"publish","type":"post","link":"https:\/\/tucomarca.whitekongsoftware.com\/ca\/ferrovial-serveis-i-socialcore-gestionaran-el-centre-de-dia-per-a-persones-majors-dependents-de-requena\/","title":{"rendered":"Ferrovial Serveis i Socialcore gestionaran el Centre de Dia per a persones majors dependents de Requena"},"content":{"rendered":"\n<p class=\"wp-block-paragraph\">Ferrovial Serveis ha resultat adjudicat\u00e0ria, al costat de l&#8217;empresa Socialcore, de l&#8217;contracte concernent a el Servei de Gesti\u00f3 Integral de Centre de Dia per a persones majors dependents a Requena.<\/p>\n\n\n\n<p class=\"wp-block-paragraph\">La UTE formada per les dues companyies cobrir\u00e0 totes les necessitats de la gent gran requenenses a trav\u00e9s d&#8217;un servei altament professionalitzat amb una atenci\u00f3 integral que rebran durant la seva estada di\u00fcrna al centre.<br>\nAquesta atenci\u00f3 inclou acolliment, restauraci\u00f3, higiene personal, cures b\u00e0siques, atenci\u00f3 a la salut i transport adaptat.<\/p>\n\n\n\n<p class=\"wp-block-paragraph\">En relaci\u00f3 a aquest contracte, l&#8217;Ajuntament de Requena posa en coneixement de la ciutadania la seg\u00fcent adre\u00e7a de correu electr\u00f2nic,<br> chervas@ferrovial.com per a la remissi\u00f3 de Curr\u00edculum vitae per part dels interessats, trobant places vacants a partir de l&#8217;inici de l&#8217;servei, que tindr\u00e0 lloc a principis de l&#8217;any que 2020.<\/p>\n\n\n\n<p class=\"wp-block-paragraph\">La recepci\u00f3 de curr\u00edculums i la selecci\u00f3 de personal seran compet\u00e8ncia exclusiva de l&#8217;empresa adjudicat\u00e0ria.<\/p>\n","protected":false},"excerpt":{"rendered":"<div class=\"mh-excerpt\">Ferrovial Serveis ha resultat adjudicat\u00e0ria, al costat de l&#8217;empresa Socialcore, de l&#8217;contracte concernent a el Servei de Gesti\u00f3 Integral de Centre de Dia per a persones majors dependents a Requena. La UTE formada per les <a class=\"mh-excerpt-more\" href=\"https:\/\/tucomarca.whitekongsoftware.com\/ca\/ferrovial-serveis-i-socialcore-gestionaran-el-centre-de-dia-per-a-persones-majors-dependents-de-requena\/\" title=\"Ferrovial Serveis i Socialcore gestionaran el Centre de Dia per a persones majors dependents de Requena\">[+] <\/a><\/div>\n","protected":false},"author":1,"featured_media":98266,"comment_status":"open","ping_status":"open","sticky":false,"template":"","format":"standard","meta":{"footnotes":""},"categories":[10948,10894,10947,10908,10909,10896],"tags":[10387],"class_list":["post-98268","post","type-post","status-publish","format-standard","has-post-thumbnail","category-infraestructuras-ca","category-la-comarca-ca","category-politica","category-requena-ca","category-requena-utiel-ca","category-seccion-ca","tag-requena-utiel"],"_links":{"self":[{"href":"https:\/\/tucomarca.whitekongsoftware.com\/ca\/wp-json\/wp\/v2\/posts\/98268","targetHints":{"allow":["GET"]}}],"collection":[{"href":"https:\/\/tucomarca.whitekongsoftware.com\/ca\/wp-json\/wp\/v2\/posts"}],"about":[{"href":"https:\/\/tucomarca.whitekongsoftware.com\/ca\/wp-json\/wp\/v2\/types\/post"}],"author":[{"embeddable":true,"href":"https:\/\/tucomarca.whitekongsoftware.com\/ca\/wp-json\/wp\/v2\/users\/1"}],"replies":[{"embeddable":true,"href":"https:\/\/tucomarca.whitekongsoftware.com\/ca\/wp-json\/wp\/v2\/comments?post=98268"}],"version-history":[{"count":0,"href":"https:\/\/tucomarca.whitekongsoftware.com\/ca\/wp-json\/wp\/v2\/posts\/98268\/revisions"}],"wp:featuredmedia":[{"embeddable":true,"href":"https:\/\/tucomarca.whitekongsoftware.com\/ca\/wp-json\/wp\/v2\/media\/98266"}],"wp:attachment":[{"href":"https:\/\/tucomarca.whitekongsoftware.com\/ca\/wp-json\/wp\/v2\/media?parent=98268"}],"wp:term":[{"taxonomy":"category","embeddable":true,"href":"https:\/\/tucomarca.whitekongsoftware.com\/ca\/wp-json\/wp\/v2\/categories?post=98268"},{"taxonomy":"post_tag","embeddable":true,"href":"https:\/\/tucomarca.whitekongsoftware.com\/ca\/wp-json\/wp\/v2\/tags?post=98268"}],"curies":[{"name":"wp","href":"https:\/\/api.w.org\/{rel}","templated":true}]}}