{"id":98112,"date":"2020-01-08T22:56:30","date_gmt":"2020-01-08T20:56:30","guid":{"rendered":"http:\/\/www.tucomarca.com\/wordpress\/segunda\/?p=98112"},"modified":"2020-01-08T22:56:37","modified_gmt":"2020-01-08T20:56:37","slug":"lajuntament-de-xest-ofereix-en-adopcio-els-anecs-i-oques-de-lestany-de-el-parc-de-la-lomiquia","status":"publish","type":"post","link":"https:\/\/tucomarca.whitekongsoftware.com\/ca\/lajuntament-de-xest-ofereix-en-adopcio-els-anecs-i-oques-de-lestany-de-el-parc-de-la-lomiquia\/","title":{"rendered":"L&#8217;Ajuntament de Xest ofereix en adopci\u00f3 els \u00e0necs i oques de l&#8217;estany de el parc de la Lomiquia"},"content":{"rendered":"\n<figure class=\"wp-block-image\"><img loading=\"lazy\" decoding=\"async\" width=\"960\" height=\"640\" src=\"http:\/\/www.tucomarca.com\/wordpress\/segunda\/wp-content\/uploads\/2020\/01\/ChesteLomiquia02.jpg\" alt=\"\" class=\"wp-image-98109\" srcset=\"https:\/\/tucomarca.whitekongsoftware.com\/wp-content\/uploads\/2020\/01\/ChesteLomiquia02.jpg 960w, https:\/\/tucomarca.whitekongsoftware.com\/wp-content\/uploads\/2020\/01\/ChesteLomiquia02-300x200.jpg 300w, https:\/\/tucomarca.whitekongsoftware.com\/wp-content\/uploads\/2020\/01\/ChesteLomiquia02-768x512.jpg 768w\" sizes=\"auto, (max-width: 960px) 100vw, 960px\" \/><\/figure>\n\n\n\n<p class=\"wp-block-paragraph\">La regidoria de Medi Ambient de l&#8217;Ajuntament de Xest ha anunciat la posada en adopci\u00f3 dels \u00e0necs i oques dom\u00e8stiques que habiten el parc de la Lomiquia davant les actuacions que es van a dur a terme en els pr\u00f2xims dies per millorar l&#8217;estat del seu estany.<br>\n\u00abHem decidit proposar a la poblaci\u00f3 l&#8217;adopci\u00f3 d&#8217;aquests animals perqu\u00e8 volem tenir un estany en condicions \u00f2ptimes que serveixi com a refugi o zona de pas per a la fauna silvestre aut\u00f2ctona\u00bb, explica el regidor de Medi Ambient, David Pujals. \u00abActualment l&#8217;excessiu nombre d&#8217;\u00e0necs i oques provoca que l&#8217;estany sempre tingui un aspecte d&#8217;insalubritat, ja que no t\u00e9 capacitat per suportar i filtrar tota la mat\u00e8ria org\u00e0nica que generen\u00bb.<br>\nTal com ha explicat el regidor, hi ha un altre problema afegit, ja que la possible hibridaci\u00f3 entre els \u00e0necs dom\u00e8stics i les \u00e0necs silvestres que freq\u00fcenten l&#8217;estany poden posar en perill l&#8217;exist\u00e8ncia d&#8217;aquestes \u00faltimes.<\/p>\n\n\n\n<p class=\"wp-block-paragraph\"><strong>Procediment per adoptar<\/strong><br> Les persones interessades a adoptar ja poden anar a el departament de Medi Ambient de l&#8217;Ajuntament, on se&#8217;ls explicaran els requisits m\u00ednims per a realitzar l&#8217;adopci\u00f3 i posaran formalitzar la sol\u00b7licitud corresponent. Posteriorment, les persones adoptants hauran de signar un document de comprom\u00eds i responsabilitat de la cura dels animals. La recollida i inscripci\u00f3 es realitzar\u00e0 els dimecres al mat\u00ed durant tot el mes de gener. n tucomarca.com<\/p>\n","protected":false},"excerpt":{"rendered":"<div class=\"mh-excerpt\">La regidoria de Medi Ambient de l&#8217;Ajuntament de Xest ha anunciat la posada en adopci\u00f3 dels \u00e0necs i oques dom\u00e8stiques que habiten el parc de la Lomiquia davant les actuacions que es van a dur <a class=\"mh-excerpt-more\" href=\"https:\/\/tucomarca.whitekongsoftware.com\/ca\/lajuntament-de-xest-ofereix-en-adopcio-els-anecs-i-oques-de-lestany-de-el-parc-de-la-lomiquia\/\" title=\"L&#8217;Ajuntament de Xest ofereix en adopci\u00f3 els \u00e0necs i oques de l&#8217;estany de el parc de la Lomiquia\">[+] <\/a><\/div>\n","protected":false},"author":1,"featured_media":98108,"comment_status":"open","ping_status":"open","sticky":false,"template":"","format":"standard","meta":{"footnotes":""},"categories":[10894,10912,10903,10896,10974],"tags":[5952],"class_list":["post-98112","post","type-post","status-publish","format-standard","has-post-thumbnail","category-la-comarca-ca","category-la-hoya-ca","category-medio-ambiente-la-comarca-ca","category-seccion-ca","category-cheste-ca","tag-la-hoya-de-bunol-chiva"],"_links":{"self":[{"href":"https:\/\/tucomarca.whitekongsoftware.com\/ca\/wp-json\/wp\/v2\/posts\/98112","targetHints":{"allow":["GET"]}}],"collection":[{"href":"https:\/\/tucomarca.whitekongsoftware.com\/ca\/wp-json\/wp\/v2\/posts"}],"about":[{"href":"https:\/\/tucomarca.whitekongsoftware.com\/ca\/wp-json\/wp\/v2\/types\/post"}],"author":[{"embeddable":true,"href":"https:\/\/tucomarca.whitekongsoftware.com\/ca\/wp-json\/wp\/v2\/users\/1"}],"replies":[{"embeddable":true,"href":"https:\/\/tucomarca.whitekongsoftware.com\/ca\/wp-json\/wp\/v2\/comments?post=98112"}],"version-history":[{"count":0,"href":"https:\/\/tucomarca.whitekongsoftware.com\/ca\/wp-json\/wp\/v2\/posts\/98112\/revisions"}],"wp:featuredmedia":[{"embeddable":true,"href":"https:\/\/tucomarca.whitekongsoftware.com\/ca\/wp-json\/wp\/v2\/media\/98108"}],"wp:attachment":[{"href":"https:\/\/tucomarca.whitekongsoftware.com\/ca\/wp-json\/wp\/v2\/media?parent=98112"}],"wp:term":[{"taxonomy":"category","embeddable":true,"href":"https:\/\/tucomarca.whitekongsoftware.com\/ca\/wp-json\/wp\/v2\/categories?post=98112"},{"taxonomy":"post_tag","embeddable":true,"href":"https:\/\/tucomarca.whitekongsoftware.com\/ca\/wp-json\/wp\/v2\/tags?post=98112"}],"curies":[{"name":"wp","href":"https:\/\/api.w.org\/{rel}","templated":true}]}}