{"id":98007,"date":"2020-01-08T10:50:43","date_gmt":"2020-01-08T08:50:43","guid":{"rendered":"http:\/\/www.tucomarca.com\/wordpress\/segunda\/?p=98007"},"modified":"2020-01-08T10:50:52","modified_gmt":"2020-01-08T08:50:52","slug":"comencen-a-xest-les-obres-de-connexio-del-passeig-anselmo-balaguer-amb-la-zona-de-la-imes","status":"publish","type":"post","link":"https:\/\/tucomarca.whitekongsoftware.com\/ca\/comencen-a-xest-les-obres-de-connexio-del-passeig-anselmo-balaguer-amb-la-zona-de-la-imes\/","title":{"rendered":"Comencen a Xest les obres de connexi\u00f3 del passeig Anselmo Balaguer amb la zona de la Imes"},"content":{"rendered":"\n<p class=\"wp-block-paragraph\">Ja han comen\u00e7at les obres que connectaran el Passeig Anselmo Balaguer amb la zona de la Imes, ja que fins ara el passeig quedava interromput per un terrapl\u00e8 a l&#8217;altura de el pas superior de la carretera CV-378, que creua les vies de tren. Per a aix\u00f2 es contempla l&#8217;eliminaci\u00f3 de l&#8217;tal\u00fas i la creaci\u00f3 d&#8217;una \u00e0mplia zona de vianants i un carril bici que discorreran per sota el pont, a m\u00e9s d&#8217;una jardinera amb xiprers que servir\u00e0 de separaci\u00f3 amb les vies de tren, com passa a la resta de la passejada .<\/p>\n\n\n\n<p class=\"wp-block-paragraph\">Aquesta actuaci\u00f3 va ser la proposta m\u00e9s votada en els \u00faltims pressupostos participatius Xest Decideix, despr\u00e9s d&#8217;fer-se un estudi de viabilitat d&#8217;el projecte, que tamb\u00e9 va sorgir d&#8217;aquesta iniciativa. &#8220;Facilitant la connexi\u00f3 de vianants i ciclista amb la zona de la Imes es va a donar vida a una part de la passejada que estava infrautilitzada&#8221;, apunta l&#8217;alcalde, Jos\u00e9 Morell.<br> La inversi\u00f3 ser\u00e0 de 120.570,45 euros, IVA Incl\u00f2s, i la durada de l&#8217;obra ser\u00e0 de 12 setmanes, de manera que la previsi\u00f3 \u00e9s que estigui finalitzada a finals de mar\u00e7 d&#8217;aquest any.<\/p>\n\n\n\n<p class=\"wp-block-paragraph\">Tal com informen els serveis t\u00e8cnics municipals, en un primer moment no est\u00e0 previst cap tall de subministraments, ni de circulaci\u00f3 per la CV 378. No obstant aix\u00f2, depenent de l&#8217;transcurs de les obres, si es contempla la limitaci\u00f3 temporal de la circulaci\u00f3 a un sentit en aquesta carretera, de manera que l&#8217;Ajuntament mantindr\u00e0 a la poblaci\u00f3 informada puntualment.<\/p>\n","protected":false},"excerpt":{"rendered":"<div class=\"mh-excerpt\">Ja han comen\u00e7at les obres que connectaran el Passeig Anselmo Balaguer amb la zona de la Imes, ja que fins ara el passeig quedava interromput per un terrapl\u00e8 a l&#8217;altura de el pas superior de <a class=\"mh-excerpt-more\" href=\"https:\/\/tucomarca.whitekongsoftware.com\/ca\/comencen-a-xest-les-obres-de-connexio-del-passeig-anselmo-balaguer-amb-la-zona-de-la-imes\/\" title=\"Comencen a Xest les obres de connexi\u00f3 del passeig Anselmo Balaguer amb la zona de la Imes\">[+] <\/a><\/div>\n","protected":false},"author":1,"featured_media":97997,"comment_status":"open","ping_status":"open","sticky":false,"template":"","format":"standard","meta":{"footnotes":""},"categories":[10898,10948,10894,10912,10947,10896,10974],"tags":[5952],"class_list":["post-98007","post","type-post","status-publish","format-standard","has-post-thumbnail","category-ventana-ca","category-infraestructuras-ca","category-la-comarca-ca","category-la-hoya-ca","category-politica","category-seccion-ca","category-cheste-ca","tag-la-hoya-de-bunol-chiva"],"_links":{"self":[{"href":"https:\/\/tucomarca.whitekongsoftware.com\/ca\/wp-json\/wp\/v2\/posts\/98007","targetHints":{"allow":["GET"]}}],"collection":[{"href":"https:\/\/tucomarca.whitekongsoftware.com\/ca\/wp-json\/wp\/v2\/posts"}],"about":[{"href":"https:\/\/tucomarca.whitekongsoftware.com\/ca\/wp-json\/wp\/v2\/types\/post"}],"author":[{"embeddable":true,"href":"https:\/\/tucomarca.whitekongsoftware.com\/ca\/wp-json\/wp\/v2\/users\/1"}],"replies":[{"embeddable":true,"href":"https:\/\/tucomarca.whitekongsoftware.com\/ca\/wp-json\/wp\/v2\/comments?post=98007"}],"version-history":[{"count":0,"href":"https:\/\/tucomarca.whitekongsoftware.com\/ca\/wp-json\/wp\/v2\/posts\/98007\/revisions"}],"wp:featuredmedia":[{"embeddable":true,"href":"https:\/\/tucomarca.whitekongsoftware.com\/ca\/wp-json\/wp\/v2\/media\/97997"}],"wp:attachment":[{"href":"https:\/\/tucomarca.whitekongsoftware.com\/ca\/wp-json\/wp\/v2\/media?parent=98007"}],"wp:term":[{"taxonomy":"category","embeddable":true,"href":"https:\/\/tucomarca.whitekongsoftware.com\/ca\/wp-json\/wp\/v2\/categories?post=98007"},{"taxonomy":"post_tag","embeddable":true,"href":"https:\/\/tucomarca.whitekongsoftware.com\/ca\/wp-json\/wp\/v2\/tags?post=98007"}],"curies":[{"name":"wp","href":"https:\/\/api.w.org\/{rel}","templated":true}]}}