{"id":97937,"date":"2020-01-05T19:57:16","date_gmt":"2020-01-05T17:57:16","guid":{"rendered":"http:\/\/www.tucomarca.com\/wordpress\/segunda\/?p=97937"},"modified":"2020-01-06T20:03:51","modified_gmt":"2020-01-06T18:03:51","slug":"utiel-somple-dillusio-i-alegria-amb-larribada-de-ss-mm-els-reis-mags-dorient","status":"publish","type":"post","link":"https:\/\/tucomarca.whitekongsoftware.com\/ca\/utiel-somple-dillusio-i-alegria-amb-larribada-de-ss-mm-els-reis-mags-dorient\/","title":{"rendered":"Utiel s&#8217;omple d&#8217;il\u00b7lusi\u00f3 i alegria amb l&#8217;arribada de SS MM els Reis Mags d&#8217;Orient"},"content":{"rendered":"\n<figure class=\"wp-block-image\"><img loading=\"lazy\" decoding=\"async\" width=\"1024\" height=\"768\" src=\"http:\/\/www.tucomarca.com\/wordpress\/segunda\/wp-content\/uploads\/2020\/01\/ReyesUtiel02-1024x768.jpg\" alt=\"\" class=\"wp-image-97934\" srcset=\"https:\/\/tucomarca.whitekongsoftware.com\/wp-content\/uploads\/2020\/01\/ReyesUtiel02-1024x768.jpg 1024w, https:\/\/tucomarca.whitekongsoftware.com\/wp-content\/uploads\/2020\/01\/ReyesUtiel02-300x225.jpg 300w, https:\/\/tucomarca.whitekongsoftware.com\/wp-content\/uploads\/2020\/01\/ReyesUtiel02-768x576.jpg 768w, https:\/\/tucomarca.whitekongsoftware.com\/wp-content\/uploads\/2020\/01\/ReyesUtiel02-678x509.jpg 678w, https:\/\/tucomarca.whitekongsoftware.com\/wp-content\/uploads\/2020\/01\/ReyesUtiel02-326x245.jpg 326w, https:\/\/tucomarca.whitekongsoftware.com\/wp-content\/uploads\/2020\/01\/ReyesUtiel02-80x60.jpg 80w\" sizes=\"auto, (max-width: 1024px) 100vw, 1024px\" \/><\/figure>\n\n\n\n<p class=\"wp-block-paragraph\">Els rostres d&#8217;il\u00b7lusi\u00f3 i entusiasme de centenars de nens i nenes han omplert de m\u00e0gia el Teatre Rambal d&#8217;Utiel.<\/p>\n\n\n\n<p class=\"wp-block-paragraph\">SS.MM. els Reis Mags, despr\u00e9s d&#8217;un llarg viatge des d&#8217;Orient, feien la primera parada a les tres resid\u00e8ncies d&#8217;Utiel i posteriorment arribaven a el teatre entre els aplaudiments i l&#8217;alegria dels nens i nenes que s&#8217;amuntegaven a l&#8217;entrada de l&#8217;recinte.<\/p>\n\n\n\n<p class=\"wp-block-paragraph\">Melchor Gaspar i Baltasar, acompanyats del seu seguici, portaven els sacs plens de regals que aquesta nit repartiran per totes les llars d&#8217;Utiel.<\/p>\n\n\n\n<p class=\"wp-block-paragraph\">Des de les 11.30 del mat\u00ed, els Reis Mags han rebut als nens i nenes que han volgut con\u00e8ixer-los en persona i fer-los arribar els seus desitjos i cartes d&#8217;\u00faltima hora. Ses Majestats i els patges reials els han lliurat llaminadures i un conte en agra\u00efment per la seva visita i com a recompensa a la llarga espera d&#8217;hores de cua.<\/p>\n\n\n\n<p class=\"wp-block-paragraph\">Aquesta vesprada, a les 18 hores, els Reis es deixaran veure de nou en la tradicional cavalcada que comptar\u00e0 amb m\u00e9s d&#8217;un centenar de participants i animaci\u00f3 de carrer. La desfilada s&#8217;iniciar\u00e0 des de la Casa de Cultura d&#8217;Utiel i far\u00e0 el recorregut habitual de tots els anys per finalitzar a la Pla\u00e7a de l&#8217;Ajuntament amb el missatge que Ses Majestats d&#8217;Orient dirigiran des del balc\u00f3 de l&#8217;consistori utielano.<\/p>\n","protected":false},"excerpt":{"rendered":"<div class=\"mh-excerpt\">Els rostres d&#8217;il\u00b7lusi\u00f3 i entusiasme de centenars de nens i nenes han omplert de m\u00e0gia el Teatre Rambal d&#8217;Utiel. SS.MM. els Reis Mags, despr\u00e9s d&#8217;un llarg viatge des d&#8217;Orient, feien la primera parada a les <a class=\"mh-excerpt-more\" href=\"https:\/\/tucomarca.whitekongsoftware.com\/ca\/utiel-somple-dillusio-i-alegria-amb-larribada-de-ss-mm-els-reis-mags-dorient\/\" title=\"Utiel s&#8217;omple d&#8217;il\u00b7lusi\u00f3 i alegria amb l&#8217;arribada de SS MM els Reis Mags d&#8217;Orient\">[+] <\/a><\/div>\n","protected":false},"author":1,"featured_media":97933,"comment_status":"open","ping_status":"open","sticky":false,"template":"","format":"standard","meta":{"footnotes":""},"categories":[10898,11004,11008,10909,10896,11059],"tags":[10387],"class_list":["post-97937","post","type-post","status-publish","format-standard","has-post-thumbnail","category-ventana-ca","category-la-semana-en-imagenes-ca","category-pueblos-en-fiestas-ca","category-requena-utiel-ca","category-seccion-ca","category-utiel-ca","tag-requena-utiel"],"_links":{"self":[{"href":"https:\/\/tucomarca.whitekongsoftware.com\/ca\/wp-json\/wp\/v2\/posts\/97937","targetHints":{"allow":["GET"]}}],"collection":[{"href":"https:\/\/tucomarca.whitekongsoftware.com\/ca\/wp-json\/wp\/v2\/posts"}],"about":[{"href":"https:\/\/tucomarca.whitekongsoftware.com\/ca\/wp-json\/wp\/v2\/types\/post"}],"author":[{"embeddable":true,"href":"https:\/\/tucomarca.whitekongsoftware.com\/ca\/wp-json\/wp\/v2\/users\/1"}],"replies":[{"embeddable":true,"href":"https:\/\/tucomarca.whitekongsoftware.com\/ca\/wp-json\/wp\/v2\/comments?post=97937"}],"version-history":[{"count":0,"href":"https:\/\/tucomarca.whitekongsoftware.com\/ca\/wp-json\/wp\/v2\/posts\/97937\/revisions"}],"wp:featuredmedia":[{"embeddable":true,"href":"https:\/\/tucomarca.whitekongsoftware.com\/ca\/wp-json\/wp\/v2\/media\/97933"}],"wp:attachment":[{"href":"https:\/\/tucomarca.whitekongsoftware.com\/ca\/wp-json\/wp\/v2\/media?parent=97937"}],"wp:term":[{"taxonomy":"category","embeddable":true,"href":"https:\/\/tucomarca.whitekongsoftware.com\/ca\/wp-json\/wp\/v2\/categories?post=97937"},{"taxonomy":"post_tag","embeddable":true,"href":"https:\/\/tucomarca.whitekongsoftware.com\/ca\/wp-json\/wp\/v2\/tags?post=97937"}],"curies":[{"name":"wp","href":"https:\/\/api.w.org\/{rel}","templated":true}]}}