{"id":97818,"date":"2019-12-30T22:23:21","date_gmt":"2019-12-30T20:23:21","guid":{"rendered":"http:\/\/www.tucomarca.com\/wordpress\/segunda\/?p=97818"},"modified":"2019-12-30T22:25:00","modified_gmt":"2019-12-30T20:25:00","slug":"lhospital-de-manises-realitza-un-centenar-doperacions-damigdales","status":"publish","type":"post","link":"https:\/\/tucomarca.whitekongsoftware.com\/ca\/lhospital-de-manises-realitza-un-centenar-doperacions-damigdales\/","title":{"rendered":"L&#8217;Hospital de Manises realitza un centenar d&#8217;operacions d&#8217;am\u00edgdales"},"content":{"rendered":"\n<p class=\"wp-block-paragraph\"><strong>Es tracta d&#8217;una de les malalties m\u00e9s freq\u00fcents en la inf\u00e0ncia i de les principals causes de visita a l&#8217;otorinolaring\u00f2leg<\/strong><\/p>\n\n\n\n<p class=\"wp-block-paragraph\"><strong>Aturar les infeccions bacterianes recurrents, tractar el ronc en els xiquets i acabar amb la s\u00edndrome d&#8217;apnea durant el son, que els impedeix respirar correctament s\u00f3n les causes de les intervencions<\/strong><\/p>\n\n\n\n<p class=\"wp-block-paragraph\"><strong>L&#8217;operaci\u00f3 ajuda, a m\u00e9s, en aquells casos en qu\u00e8 els petits tenen problemes d&#8217;aprenentatge o desenvolupament de del llenguatge a causa de l&#8217;obstrucci\u00f3 de l&#8217;conducte auditiu que pot provocar sordesa temporal<\/strong><\/p>\n\n\n\n<p class=\"wp-block-paragraph\"><strong>El centre hospitalari ofereix als pares i cuidadors consells i informaci\u00f3 a trav\u00e9s d&#8217;una senzilla guia on podran identificar els signes d&#8217;alarma<\/strong><\/p>\n\n\n\n<p class=\"wp-block-paragraph\">Les infeccions que arriben al nostre cos b\u00e9 per la boca, el nas o l&#8217;o\u00efda s\u00f3n comuns en aquesta \u00e8poca de temperatures m\u00e9s baixes. No obstant aix\u00f2, molts nens arrosseguen al llarg de l&#8217;any infeccions per bacteris que els afecten la gola, especialment a les am\u00edgdales, i que s\u00f3n recurrents el que els provoca encadenar tractaments amb antibi\u00f2tics minvant les seves defenses. Quan les am\u00edgdales s&#8217;inflamen es produeix l&#8217;amigdalitis o angines, que normalment est\u00e0 causada per una infecci\u00f3 per bacteris o per virus. En la majoria dels casos el problema es resol en uns dies, per\u00f2 excepcionalment causa majors mol\u00e8sties i tendeix a repetir-se.<\/p>\n\n\n\n<p class=\"wp-block-paragraph\">Per con\u00e8ixer quins s\u00f3n els s\u00edmptomes de l&#8217;amigdalitis, resoldre dubtes i saber en quin moment \u00e9s necess\u00e0ria la intervenci\u00f3, el Departament de Salut de Manises ha editat una guia dirigida a pares i cuidadors. Encara que avui dia no es realitzen tantes operacions, si que hi ha certs casos on precisen d&#8217;aquesta. De fet, en el que va d&#8217;any el centre hospitalari ja ha realitzat prop d&#8217;un centenar d&#8217;intervencions per extirpar o disminuir les am\u00edgdales, una de les malalties m\u00e9s freq\u00fcents en la inf\u00e0ncia i objecte de la majoria de les visites a l&#8217;otorinolaring\u00f2leg.<\/p>\n\n\n\n<p class=\"wp-block-paragraph\">&#8220;\u00c9s com\u00fa que els nens, que tenen un sistema de defensa immadur, s&#8217;encomanin m\u00e9s f\u00e0cilment i contreguin infeccions. No obstant aix\u00f2, si a partir dels 5 anys aquests episodis d&#8217;infeccions en \u00f2rgans com la faringe, el nas o la gola no remeten \u00e9s convenient acudir a l&#8217;especialista qui valorar\u00e0 la conveni\u00e8ncia o no d&#8217;una intervenci\u00f3 quir\u00fargica o d&#8217;un tractament espec\u00edfic&#8221;, explica Bego\u00f1a Beaus otorrinolaring\u00f3loga de l&#8217;Hospital de Manises.<br>Els principals motius per decantar-se per una intervenci\u00f3 s\u00f3n, com explica la doctora Beaus, atacar les infeccions bacterianes recurrents (m\u00e9s de sis episodis en un any) tractar el ronc i acabar amb la s\u00edndrome d&#8217;apnea en nens i adults durant el son el que els impedeix respirar correctament i descansar i que, de vegades, pot suposar un risc per a la salut. &#8220;La primera causa de dificultat respirat\u00f2ria en la inf\u00e0ncia \u00e9s l&#8217;augment de el teixit d&#8217;angines i vegetacions. Aquest augment pot donar-se durant una petita infecci\u00f3 i cedir quan se resolga o convertir-se en permanent. Si \u00e9s aix\u00ed, la dificultat respirat\u00f2ria pot variar des del soroll a el ronc o fins i tot apnea obstructiva durant el son &#8220;, apunta l&#8217;especialista de Manises.<\/p>\n\n\n\n<p class=\"wp-block-paragraph\"><strong>Compte amb els problemes d&#8217;aprenentatge<\/strong><\/p>\n\n\n\n<p class=\"wp-block-paragraph\">De vegades, les infeccions poden arribar per l&#8217;o\u00efda i obstruir la trompa d&#8217;Eustaqui que \u00e9s per on es ventila aquest \u00f2rgan. En aquests casos cal estar atent a la p\u00e8rdua d&#8217;audici\u00f3 ja que l&#8217;o\u00efda s&#8217;omple de moc pel que tapona i el so s&#8217;esmorteeix. &#8220;En general, \u00e9s disminuci\u00f3 de l&#8217;audici\u00f3 desapareix, per\u00f2 en ocasions \u00e9s recurrent el que repercuteix en el desenvolupament de el llenguatge de l&#8217;infant i en la seua capacitat d&#8217;aprenentatge&#8221;, apunta la doctora Bego\u00f1a Beaus. Si creiem que el problema persisteix, cal consultar a l&#8217;especialista perqu\u00e8 determine les causes i descarte problemes de sordesa permanent i alteracions de desenvolupament psicomotor.<\/p>\n\n\n\n<p class=\"wp-block-paragraph\">La guia per a pares i mares sobre les principals consultes sobre amigdalitis pot descarregar-se en l&#8217;apartat de el servei d&#8217;Otorinolaringologia de la p\u00e0gina web de l&#8217;Hospital de Manises: https:\/\/www.hospitalmanises.es\/userfiles\/guias\/guia-padres-amigdalas. pdf<\/p>\n","protected":false},"excerpt":{"rendered":"<div class=\"mh-excerpt\">Es tracta d&#8217;una de les malalties m\u00e9s freq\u00fcents en la inf\u00e0ncia i de les principals causes de visita a l&#8217;otorinolaring\u00f2leg Aturar les infeccions bacterianes recurrents, tractar el ronc en els xiquets i acabar amb la <a class=\"mh-excerpt-more\" href=\"https:\/\/tucomarca.whitekongsoftware.com\/ca\/lhospital-de-manises-realitza-un-centenar-doperacions-damigdales\/\" title=\"L&#8217;Hospital de Manises realitza un centenar d&#8217;operacions d&#8217;am\u00edgdales\">[+] <\/a><\/div>\n","protected":false},"author":12,"featured_media":97817,"comment_status":"open","ping_status":"open","sticky":false,"template":"","format":"standard","meta":{"footnotes":""},"categories":[11010,10894,10912,10902,10896],"tags":[136],"class_list":["post-97818","post","type-post","status-publish","format-standard","has-post-thumbnail","category-canal-salud","category-la-comarca-ca","category-la-hoya-ca","category-la-ribera-ca","category-seccion-ca","tag-hospital-de-manises"],"_links":{"self":[{"href":"https:\/\/tucomarca.whitekongsoftware.com\/ca\/wp-json\/wp\/v2\/posts\/97818","targetHints":{"allow":["GET"]}}],"collection":[{"href":"https:\/\/tucomarca.whitekongsoftware.com\/ca\/wp-json\/wp\/v2\/posts"}],"about":[{"href":"https:\/\/tucomarca.whitekongsoftware.com\/ca\/wp-json\/wp\/v2\/types\/post"}],"author":[{"embeddable":true,"href":"https:\/\/tucomarca.whitekongsoftware.com\/ca\/wp-json\/wp\/v2\/users\/12"}],"replies":[{"embeddable":true,"href":"https:\/\/tucomarca.whitekongsoftware.com\/ca\/wp-json\/wp\/v2\/comments?post=97818"}],"version-history":[{"count":0,"href":"https:\/\/tucomarca.whitekongsoftware.com\/ca\/wp-json\/wp\/v2\/posts\/97818\/revisions"}],"wp:featuredmedia":[{"embeddable":true,"href":"https:\/\/tucomarca.whitekongsoftware.com\/ca\/wp-json\/wp\/v2\/media\/97817"}],"wp:attachment":[{"href":"https:\/\/tucomarca.whitekongsoftware.com\/ca\/wp-json\/wp\/v2\/media?parent=97818"}],"wp:term":[{"taxonomy":"category","embeddable":true,"href":"https:\/\/tucomarca.whitekongsoftware.com\/ca\/wp-json\/wp\/v2\/categories?post=97818"},{"taxonomy":"post_tag","embeddable":true,"href":"https:\/\/tucomarca.whitekongsoftware.com\/ca\/wp-json\/wp\/v2\/tags?post=97818"}],"curies":[{"name":"wp","href":"https:\/\/api.w.org\/{rel}","templated":true}]}}