{"id":97767,"date":"2019-12-27T12:31:42","date_gmt":"2019-12-27T10:31:42","guid":{"rendered":"http:\/\/www.tucomarca.com\/wordpress\/segunda\/?p=97767"},"modified":"2019-12-28T12:48:05","modified_gmt":"2019-12-28T10:48:05","slug":"el-pp-presenta-una-esmena-perque-sincloga-en-els-pressupostos-de-la-diputacio-la-millora-de-la-carretera-cv-474-a-camporrobles","status":"publish","type":"post","link":"https:\/\/tucomarca.whitekongsoftware.com\/ca\/el-pp-presenta-una-esmena-perque-sincloga-en-els-pressupostos-de-la-diputacio-la-millora-de-la-carretera-cv-474-a-camporrobles\/","title":{"rendered":"El PP presenta una esmena perqu\u00e8 s&#8217;incloga en els pressupostos de la Diputaci\u00f3 la millora de la carretera CV-474 a Camporrobles"},"content":{"rendered":"\n<p class=\"wp-block-paragraph\">El grup popular a la Diputaci\u00f3 de Val\u00e8ncia ha presentat una esmena per incorporar als Pressupostos de la corporaci\u00f3 provincial per al 2020 l&#8217;eixamplament de la carretera CV-474 en un tram al costat de el nucli urb\u00e0 de Camporrobles.<\/p>\n\n\n\n<p class=\"wp-block-paragraph\">Els diputats provincials Javier Montero i Carlos Gil han mantingut una trobada de treball amb el portaveu de l&#8217;PP a Camporrobles, Ernesto Fern\u00e1ndez, per ultimar els detalls d&#8217;aquesta esmena que, de ser acceptada, contribuir\u00e0 a la seguretat vi\u00e0ria dels ve\u00efns del municipi en una via molt transitada.<\/p>\n\n\n\n<p class=\"wp-block-paragraph\">Javier Montero ha explicat que &#8220;es tracta d&#8217;una inversi\u00f3 per eixamplar el pont existent sobre les vies de tren a la CV-474 i que es troba molt pr\u00f2xima a el casc urb\u00e0&#8221;. Aquest lloc \u00e9s una zona estreta amb un revolt molt pronunciat per la qual passen camions de gran tonatge procedents d&#8217;una planta embotelladora propera. Tamb\u00e9 transiten per aquest punt estret un gran nombre de maquin\u00e0ria agr\u00edcola pesada el que converteix aquest tram en molt perill\u00f3s, ja que a m\u00e9s es tracta d&#8217;un pont sobre les vies de tren.<\/p>\n\n\n\n<p class=\"wp-block-paragraph\">Per tot aix\u00f2, els diputats provincials i el portaveu de PP de Camporrobles consideren &#8220;irrenunciable&#8221; l&#8217;objectiu que la Diputaci\u00f3 la millora d&#8217;aquest tram a c\u00e0rrec del seu pressupost en mat\u00e8ria de Carreteres per garantir la seguretat dels ve\u00efns de Camporrobles i tots els que transiten di\u00e0riament per aquesta zona de la CV-474.<\/p>\n\n\n\n<p class=\"wp-block-paragraph\">Javier Montero ha assegurat que s\u00f3n aquest tipus d&#8217;inversions &#8220;les que s\u00f3n necess\u00e0ries en els municipis de la prov\u00edncia, que no apareixen en els pressupostos, d&#8217;aqu\u00ed les esmenes que vam presentar des del grup popular, traslladant les peticions dels nostres regidors, que a la fi s\u00f3n les dels ve\u00efns dels municipis, per aix\u00f2 el govern de la Diputaci\u00f3 hauria de mostrar una mica m\u00e9s d&#8217;empatia amb els ciutadans &#8220;.<\/p>\n","protected":false},"excerpt":{"rendered":"<div class=\"mh-excerpt\">El grup popular a la Diputaci\u00f3 de Val\u00e8ncia ha presentat una esmena per incorporar als Pressupostos de la corporaci\u00f3 provincial per al 2020 l&#8217;eixamplament de la carretera CV-474 en un tram al costat de el <a class=\"mh-excerpt-more\" href=\"https:\/\/tucomarca.whitekongsoftware.com\/ca\/el-pp-presenta-una-esmena-perque-sincloga-en-els-pressupostos-de-la-diputacio-la-millora-de-la-carretera-cv-474-a-camporrobles\/\" title=\"El PP presenta una esmena perqu\u00e8 s&#8217;incloga en els pressupostos de la Diputaci\u00f3 la millora de la carretera CV-474 a Camporrobles\">[+] <\/a><\/div>\n","protected":false},"author":1,"featured_media":97765,"comment_status":"open","ping_status":"open","sticky":false,"template":"","format":"standard","meta":{"footnotes":""},"categories":[11031,10898,10948,10894,10947,10909,10896],"tags":[10910,10387],"class_list":["post-97767","post","type-post","status-publish","format-standard","has-post-thumbnail","category-camporrobles-ca","category-ventana-ca","category-infraestructuras-ca","category-la-comarca-ca","category-politica","category-requena-utiel-ca","category-seccion-ca","tag-requena-utiel-ca","tag-requena-utiel"],"_links":{"self":[{"href":"https:\/\/tucomarca.whitekongsoftware.com\/ca\/wp-json\/wp\/v2\/posts\/97767","targetHints":{"allow":["GET"]}}],"collection":[{"href":"https:\/\/tucomarca.whitekongsoftware.com\/ca\/wp-json\/wp\/v2\/posts"}],"about":[{"href":"https:\/\/tucomarca.whitekongsoftware.com\/ca\/wp-json\/wp\/v2\/types\/post"}],"author":[{"embeddable":true,"href":"https:\/\/tucomarca.whitekongsoftware.com\/ca\/wp-json\/wp\/v2\/users\/1"}],"replies":[{"embeddable":true,"href":"https:\/\/tucomarca.whitekongsoftware.com\/ca\/wp-json\/wp\/v2\/comments?post=97767"}],"version-history":[{"count":0,"href":"https:\/\/tucomarca.whitekongsoftware.com\/ca\/wp-json\/wp\/v2\/posts\/97767\/revisions"}],"wp:featuredmedia":[{"embeddable":true,"href":"https:\/\/tucomarca.whitekongsoftware.com\/ca\/wp-json\/wp\/v2\/media\/97765"}],"wp:attachment":[{"href":"https:\/\/tucomarca.whitekongsoftware.com\/ca\/wp-json\/wp\/v2\/media?parent=97767"}],"wp:term":[{"taxonomy":"category","embeddable":true,"href":"https:\/\/tucomarca.whitekongsoftware.com\/ca\/wp-json\/wp\/v2\/categories?post=97767"},{"taxonomy":"post_tag","embeddable":true,"href":"https:\/\/tucomarca.whitekongsoftware.com\/ca\/wp-json\/wp\/v2\/tags?post=97767"}],"curies":[{"name":"wp","href":"https:\/\/api.w.org\/{rel}","templated":true}]}}