{"id":97760,"date":"2019-12-27T20:54:22","date_gmt":"2019-12-27T18:54:22","guid":{"rendered":"http:\/\/www.tucomarca.com\/wordpress\/segunda\/?p=97760"},"modified":"2019-12-28T12:33:51","modified_gmt":"2019-12-28T10:33:51","slug":"riba-roja-va-destinar-192-000-euros-en-ajudes-economiques-demergencia-social-al-llarg-de-2019-per-a-les-families-de-la-localitat","status":"publish","type":"post","link":"https:\/\/tucomarca.whitekongsoftware.com\/ca\/riba-roja-va-destinar-192-000-euros-en-ajudes-economiques-demergencia-social-al-llarg-de-2019-per-a-les-families-de-la-localitat\/","title":{"rendered":"Riba-roja va destinar 192.000 euros en ajudes econ\u00f2miques d&#8217;emerg\u00e8ncia social al llarg de 2019 per a les fam\u00edlies de la localitat"},"content":{"rendered":"\n<figure class=\"wp-block-image\"><img loading=\"lazy\" decoding=\"async\" width=\"787\" height=\"591\" src=\"http:\/\/www.tucomarca.com\/wordpress\/segunda\/wp-content\/uploads\/2019\/12\/LoteNadal2.jpg\" alt=\"\" class=\"wp-image-97757\" srcset=\"https:\/\/tucomarca.whitekongsoftware.com\/wp-content\/uploads\/2019\/12\/LoteNadal2.jpg 787w, https:\/\/tucomarca.whitekongsoftware.com\/wp-content\/uploads\/2019\/12\/LoteNadal2-300x225.jpg 300w, https:\/\/tucomarca.whitekongsoftware.com\/wp-content\/uploads\/2019\/12\/LoteNadal2-768x577.jpg 768w, https:\/\/tucomarca.whitekongsoftware.com\/wp-content\/uploads\/2019\/12\/LoteNadal2-678x509.jpg 678w, https:\/\/tucomarca.whitekongsoftware.com\/wp-content\/uploads\/2019\/12\/LoteNadal2-326x245.jpg 326w, https:\/\/tucomarca.whitekongsoftware.com\/wp-content\/uploads\/2019\/12\/LoteNadal2-80x60.jpg 80w\" sizes=\"auto, (max-width: 787px) 100vw, 787px\" \/><figcaption>Les campanyes de Nadal i Cap d&#8217;Any, a trav\u00e9s del Programa d&#8217;Aliments de Riba-roja, van beneficiar al voltant de 100 persones.<\/figcaption><\/figure>\n\n\n\n<p class=\"wp-block-paragraph\"><strong>Pol\u00edtiques Inclusives realitza 202 valoracions de la depend\u00e8ncia<\/strong><\/p>\n\n\n\n<p class=\"wp-block-paragraph\">L&#8217;Ajuntament de Riba-roja de T\u00faria va destinar un total de 192.000 euros en ajudes econ\u00f2miques d&#8217;emerg\u00e8ncia social a 249 unitats familiars de la localitat al llarg de l&#8217;any 2019. La Regidoria de Pol\u00edtiques Inclusives, Igualtat i Drets Socials va destinar ajudes a 618 usuaris a al llarg de l&#8217;esmentat per\u00edode en el qual s&#8217;inclouen prestacions econ\u00f2miques o un recurs social depenent d&#8217;aquest departament municipal.<\/p>\n\n\n\n<p class=\"wp-block-paragraph\">Els ajuts econ\u00f2mics d&#8217;emerg\u00e8ncia social es van distribuir entre les ajudes b\u00e0siques per a la unitat de conviv\u00e8ncia com l&#8217;alimentaci\u00f3, els subministraments d&#8217;la llar com el lloguer o la hipoteca banc\u00e0ria, que van ascendir en total a 151.000 euros. L&#8217;alimentaci\u00f3 infantil o menjador escolar va ser de 1.248&#8217;52 euros i l&#8217;allotjament temporal a altres 18.800 euros.<\/p>\n\n\n\n<p class=\"wp-block-paragraph\">Les activitats extraescolars en centres de Riba-roja de T\u00faria que realitzen els menors d&#8217;aquestes unitats familiars es van situar en 965 euros, les pr\u00f2tesis visuals i auditives a altres 4.200 euros i les neteges de xoc a altres 6.400 euros. Per la seva banda, els ajuts destinats a medicaci\u00f3 van suposar una despesa social de 3.700 euros mentre que als ajuts polivalents per cobrir diferents necessitats o situacions d&#8217;emerg\u00e8ncia es van destinar altres 3.700 euros addicionals i a el transport altres 1.900 euros.<\/p>\n\n\n\n<p class=\"wp-block-paragraph\">El departament de Pol\u00edtiques Inclusives i Drets Socials ha donat a con\u00e8ixer, a m\u00e9s, les xifres derivades de la gesti\u00f3 de la Llei de la Depend\u00e8ncia, de la qual van sol\u00b7licitar la seva aplicaci\u00f3 un total de 179 usuaris de Riba-roja de T\u00faria, altres 202 persones van ser valorades en la fase pr\u00e8via a la percepci\u00f3 d&#8217;un recurs mentre que altres 115 usuaris estan pendents, actualment, de valorar.<\/p>\n\n\n\n<p class=\"wp-block-paragraph\">Cal assenyalar que s&#8217;ha refor\u00e7at el departament encarregat de tramitar la Llei de la Depend\u00e8ncia amb altres dos t\u00e8cnics reconeguts per la Conselleria de Pol\u00edtiques Inclusives que s&#8217;uniran als dos t\u00e8cnics actuals, de manera que el departament estar\u00e0 format per un total de 4 t\u00e8cnics.<\/p>\n\n\n\n<p class=\"wp-block-paragraph\">Les campanyes de Nadal i Cap d&#8217;Any, a trav\u00e9s del Programa d&#8217;Aliments de Riba-roja, van beneficiar al voltant de 100 persones que van rebre aliments com peix, carn, verdures o fruites donats per una cadena d&#8217;alimentaci\u00f3 situada a la urbanitzaci\u00f3 Muntanya Alcedo i una altra a el propi nucli urb\u00e0. Aquests productes es reparteixen entre les fam\u00edlies beneficiades tant en la vetllada de Nadal com Cap d&#8217;Any, tenint en compte a les fam\u00edlies amb m\u00e9s risc d&#8217;exclusi\u00f3 social.<\/p>\n\n\n\n<p class=\"wp-block-paragraph\">Aquests ajuts econ\u00f2mics i socials es complementen amb la campanya de donaci\u00f3 de lots de joguines i regals per part d&#8217;empreses de el sector que durant l&#8217;any 2019 van donar un total de 19 lots de joguines dels que es van beneficiar un total de 10 unitats familiars en el si havia fins a un total de 19 menors. L&#8217;entitat Fundaempleo far\u00e0 lliurament en els pr\u00f2xims dies de m\u00e9s lots de joguines que es repartiran amb la tradicional Cavalcada de Reis.<\/p>\n\n\n\n<p class=\"wp-block-paragraph\">L&#8217;alcalde de Riba-roja de T\u00faria, Robert Raga, ha subratllat &#8220;l&#8217;esfor\u00e7 que des del departament de Pol\u00edtiques Inclusives i Drets Socials s&#8217;ha realitzat al llarg de l&#8217;any 2019 per ajudar a totes aquelles fam\u00edlies de la localitat que estan travessant actualment problemes econ\u00f2mics i socials, per aix\u00f2 cal continuar en la mateixa l\u00ednia de treball &#8220;.<\/p>\n","protected":false},"excerpt":{"rendered":"<div class=\"mh-excerpt\">Pol\u00edtiques Inclusives realitza 202 valoracions de la depend\u00e8ncia L&#8217;Ajuntament de Riba-roja de T\u00faria va destinar un total de 192.000 euros en ajudes econ\u00f2miques d&#8217;emerg\u00e8ncia social a 249 unitats familiars de la localitat al llarg de <a class=\"mh-excerpt-more\" href=\"https:\/\/tucomarca.whitekongsoftware.com\/ca\/riba-roja-va-destinar-192-000-euros-en-ajudes-economiques-demergencia-social-al-llarg-de-2019-per-a-les-families-de-la-localitat\/\" title=\"Riba-roja va destinar 192.000 euros en ajudes econ\u00f2miques d&#8217;emerg\u00e8ncia social al llarg de 2019 per a les fam\u00edlies de la localitat\">[+] <\/a><\/div>\n","protected":false},"author":12,"featured_media":97756,"comment_status":"open","ping_status":"open","sticky":false,"template":"","format":"standard","meta":{"footnotes":""},"categories":[10892,10898,10894,10906,10896],"tags":[8900,10907],"class_list":["post-97760","post","type-post","status-publish","format-standard","has-post-thumbnail","category-camp-de-turia-ca","category-ventana-ca","category-la-comarca-ca","category-riba-roja-ca","category-seccion-ca","tag-riba-roja-del-turia","tag-riba-roja-del-turia-ca"],"_links":{"self":[{"href":"https:\/\/tucomarca.whitekongsoftware.com\/ca\/wp-json\/wp\/v2\/posts\/97760","targetHints":{"allow":["GET"]}}],"collection":[{"href":"https:\/\/tucomarca.whitekongsoftware.com\/ca\/wp-json\/wp\/v2\/posts"}],"about":[{"href":"https:\/\/tucomarca.whitekongsoftware.com\/ca\/wp-json\/wp\/v2\/types\/post"}],"author":[{"embeddable":true,"href":"https:\/\/tucomarca.whitekongsoftware.com\/ca\/wp-json\/wp\/v2\/users\/12"}],"replies":[{"embeddable":true,"href":"https:\/\/tucomarca.whitekongsoftware.com\/ca\/wp-json\/wp\/v2\/comments?post=97760"}],"version-history":[{"count":0,"href":"https:\/\/tucomarca.whitekongsoftware.com\/ca\/wp-json\/wp\/v2\/posts\/97760\/revisions"}],"wp:featuredmedia":[{"embeddable":true,"href":"https:\/\/tucomarca.whitekongsoftware.com\/ca\/wp-json\/wp\/v2\/media\/97756"}],"wp:attachment":[{"href":"https:\/\/tucomarca.whitekongsoftware.com\/ca\/wp-json\/wp\/v2\/media?parent=97760"}],"wp:term":[{"taxonomy":"category","embeddable":true,"href":"https:\/\/tucomarca.whitekongsoftware.com\/ca\/wp-json\/wp\/v2\/categories?post=97760"},{"taxonomy":"post_tag","embeddable":true,"href":"https:\/\/tucomarca.whitekongsoftware.com\/ca\/wp-json\/wp\/v2\/tags?post=97760"}],"curies":[{"name":"wp","href":"https:\/\/api.w.org\/{rel}","templated":true}]}}