{"id":97719,"date":"2019-12-26T22:33:02","date_gmt":"2019-12-26T20:33:02","guid":{"rendered":"http:\/\/www.tucomarca.com\/wordpress\/segunda\/?p=97719"},"modified":"2019-12-26T23:33:39","modified_gmt":"2019-12-26T21:33:39","slug":"consternacio-a-villargordo-del-cabriel-per-la-mort-de-ledil-juan-carlos-martinez","status":"publish","type":"post","link":"https:\/\/tucomarca.whitekongsoftware.com\/ca\/consternacio-a-villargordo-del-cabriel-per-la-mort-de-ledil-juan-carlos-martinez\/","title":{"rendered":"Consternaci\u00f3 a Villargordo del Cabriel per la mort de l&#8217;edil Juan Carlos Mart\u00ednez"},"content":{"rendered":"\n<p class=\"wp-block-paragraph\">La consternaci\u00f3 s&#8217;ha apoderat d&#8217;un municipi de tot just mig miler d&#8217;habitants com \u00e9s Villargordo de l&#8217;Cabriel a l&#8217;con\u00e8ixer-se la not\u00edcia de la mort de el regidor socialista Juan Carlos Mart\u00ednez, el cos ha estat trobat als voltants de l&#8217;municipi, el que ha motivat l&#8217;inici de una investigaci\u00f3 policial per part de la Gu\u00e0rdia Civil que no descarta que l&#8217;edil hagi decidit su\u00efcidar-se. <\/p>\n\n\n\n<p class=\"wp-block-paragraph\">Es d\u00f3na la circumst\u00e0ncia que l&#8217;edil havia presentat una moci\u00f3 de censura contra l&#8217;alcaldessa del municipi, M\u00aa Carmen Su\u00e1rez, de Som Villargordo, fa una setmana amb el suport de tres regidors de el Partit Popular. <\/p>\n\n\n\n<p class=\"wp-block-paragraph\">Per aquest motiu, el regidor havia estat expulsat de el grup socialista i de la direcci\u00f3 de el partit, circumst\u00e0ncia que no ha estat obstacle perqu\u00e8 el PSPV-PSOE hagi rem\u00e8s un comunicat hui on lamenta la mort de el regidor \u00abque durant anys ha representat a el partit socialista i ha treballat per materialitzar les pol\u00edtiques progressistes en benefici de la ciutadania\u00bb.<\/p>\n","protected":false},"excerpt":{"rendered":"<div class=\"mh-excerpt\">La consternaci\u00f3 s&#8217;ha apoderat d&#8217;un municipi de tot just mig miler d&#8217;habitants com \u00e9s Villargordo de l&#8217;Cabriel a l&#8217;con\u00e8ixer-se la not\u00edcia de la mort de el regidor socialista Juan Carlos Mart\u00ednez, el cos ha estat <a class=\"mh-excerpt-more\" href=\"https:\/\/tucomarca.whitekongsoftware.com\/ca\/consternacio-a-villargordo-del-cabriel-per-la-mort-de-ledil-juan-carlos-martinez\/\" title=\"Consternaci\u00f3 a Villargordo del Cabriel per la mort de l&#8217;edil Juan Carlos Mart\u00ednez\">[+] <\/a><\/div>\n","protected":false},"author":1,"featured_media":97714,"comment_status":"open","ping_status":"open","sticky":false,"template":"","format":"standard","meta":{"footnotes":""},"categories":[10898,10894,10947,10909,10896,10897,11061],"tags":[10387,10910],"class_list":["post-97719","post","type-post","status-publish","format-standard","has-post-thumbnail","category-ventana-ca","category-la-comarca-ca","category-politica","category-requena-utiel-ca","category-seccion-ca","category-sucesos-la-comarca-ca","category-villargordo-del-cabriel-ca","tag-requena-utiel","tag-requena-utiel-ca"],"_links":{"self":[{"href":"https:\/\/tucomarca.whitekongsoftware.com\/ca\/wp-json\/wp\/v2\/posts\/97719","targetHints":{"allow":["GET"]}}],"collection":[{"href":"https:\/\/tucomarca.whitekongsoftware.com\/ca\/wp-json\/wp\/v2\/posts"}],"about":[{"href":"https:\/\/tucomarca.whitekongsoftware.com\/ca\/wp-json\/wp\/v2\/types\/post"}],"author":[{"embeddable":true,"href":"https:\/\/tucomarca.whitekongsoftware.com\/ca\/wp-json\/wp\/v2\/users\/1"}],"replies":[{"embeddable":true,"href":"https:\/\/tucomarca.whitekongsoftware.com\/ca\/wp-json\/wp\/v2\/comments?post=97719"}],"version-history":[{"count":0,"href":"https:\/\/tucomarca.whitekongsoftware.com\/ca\/wp-json\/wp\/v2\/posts\/97719\/revisions"}],"wp:featuredmedia":[{"embeddable":true,"href":"https:\/\/tucomarca.whitekongsoftware.com\/ca\/wp-json\/wp\/v2\/media\/97714"}],"wp:attachment":[{"href":"https:\/\/tucomarca.whitekongsoftware.com\/ca\/wp-json\/wp\/v2\/media?parent=97719"}],"wp:term":[{"taxonomy":"category","embeddable":true,"href":"https:\/\/tucomarca.whitekongsoftware.com\/ca\/wp-json\/wp\/v2\/categories?post=97719"},{"taxonomy":"post_tag","embeddable":true,"href":"https:\/\/tucomarca.whitekongsoftware.com\/ca\/wp-json\/wp\/v2\/tags?post=97719"}],"curies":[{"name":"wp","href":"https:\/\/api.w.org\/{rel}","templated":true}]}}