{"id":97658,"date":"2019-12-23T23:01:37","date_gmt":"2019-12-23T21:01:37","guid":{"rendered":"http:\/\/www.tucomarca.com\/wordpress\/segunda\/?p=97658"},"modified":"2019-12-23T23:01:46","modified_gmt":"2019-12-23T21:01:46","slug":"manises-lanza-un-decalogo-para-los-papas-y-mamas-con-bebes-prematuros-ingresados-neonatologia","status":"publish","type":"post","link":"https:\/\/tucomarca.whitekongsoftware.com\/ca\/manises-lanza-un-decalogo-para-los-papas-y-mamas-con-bebes-prematuros-ingresados-neonatologia\/","title":{"rendered":"Manises lanza un dec\u00e1logo para los pap\u00e1s y mam\u00e1s con beb\u00e9s prematuros ingresados Neonatolog\u00eda"},"content":{"rendered":"\n<p class=\"wp-block-paragraph\"><strong>El nombre de nens que neixen prematurs s&#8217;ha elevat un 30% en l&#8217;\u00faltima d\u00e8cada. L&#8217;Hospital de Manises at\u00e9n 90 casos cada any<\/strong><\/p>\n\n\n\n<p class=\"wp-block-paragraph\"><strong>Els professionals de l&#8217;Hospital de Manises tamb\u00e9 han elaborat un dec\u00e0leg amb informaci\u00f3 pr\u00e0ctica per contrarestar l&#8217;ansietat dels pares que s&#8217;enfronten a aquesta experi\u00e8ncia<\/strong><\/p>\n\n\n\n<p class=\"wp-block-paragraph\"><strong>El centre hospitalari tamb\u00e9 ha volgut apropar el dia a dia en aquestes Unitats que s&#8217;adapten als nous temps amb pol\u00edtiques de portes obertes i foment de la lact\u00e0ncia materna<\/strong><\/p>\n\n\n\n<p class=\"wp-block-paragraph\">El naixement d&#8217;un nad\u00f3 de forma prematura \u00e9s una situaci\u00f3 inesperada que els pares viuen amb ansietat. &#8220;\u00c9s una situaci\u00f3 sobrevinguda, el que naturalment els provoca una barreja de sentiments, des de la por a l&#8217;estr\u00e8s perqu\u00e8 veuen a el nounat com un \u00e9sser extremadament feble&#8221;, explica la doctora Blanca Garrido, pediatre de la Unitat de Neonatologia de l&#8217;Hospital de Manises.<\/p>\n\n\n\n<p class=\"wp-block-paragraph\">Es considera un nad\u00f3 prematur qu\u00e8 neix abans de complir les 37 setmanes de gestaci\u00f3 i neixen abans que els seus \u00f2rgans estiguin totalment madurs, per aquest motiu, necessiten vigil\u00e0ncia especial i molts d&#8217;ells han d&#8217;ingressar a la Unitat de Neonatologia.<\/p>\n\n\n\n<p class=\"wp-block-paragraph\">Si aquesta situaci\u00f3 es produeix en dates especials o per a estades llargues, el sentiment d&#8217;ansietat d&#8217;aquests pares augmenta. Per aix\u00f2, els professionals de l&#8217;Hospital de Manises han editat un dec\u00e0leg sobre el servei de neonatologia. L&#8217;objectiu: d&#8217;una banda fer visible una realitat en augment i, de l&#8217;altra, desmuntar falsos mites i aportar tranquil\u00b7litat i proximitat als pares que aquests dies estaran al costat dels seus fills en les Unitats de Neonatologia.<\/p>\n\n\n\n<p class=\"wp-block-paragraph\">En aquest dec\u00e0leg elaborat pels especialistes de Manises s&#8217;intenta donar resposta a les preguntes m\u00e9s freq\u00fcents sobre la prematuritat. &#8220;Un cop superada aquesta primera fase de xoc generalment li sorgeix la por a el maneig en domicili. Es pregunten \u00bfestar\u00e0 ben ?, serem capa\u00e7os de cuidar ?. Tamb\u00e9 \u00e9s freq\u00fcent la por a el futur: \u00bftindr\u00e0 algun problema quan sigui m\u00e9s gran per haver nascut prematur ?, creixer\u00e0 b\u00e9 ?, tindr\u00e0 algun problema neurol\u00f2gic? &#8220;, Explica l&#8217;especialista de la Unitat de Neonatologia.<\/p>\n\n\n\n<p class=\"wp-block-paragraph\">&#8220;Els pares han de tenir la tranquil\u00b7litat que estan sent atesos pel millor personal i que, gr\u00e0cies a ells i als aven\u00e7os t\u00e8cnics i en coneixements cient\u00edfics de la neonatologia, la gran majoria de nens prematurs o amb problemes neonatals els superen, creixent feli\u00e7os i sans &#8220;, assegura la doctora In\u00e9s Costa, cap de Servei de Pediatria de l&#8217;Hospital de Manises.<\/p>\n\n\n\n<p class=\"wp-block-paragraph\"><strong>Portes obertes i lact\u00e0ncia<\/strong><\/p>\n\n\n\n<p class=\"wp-block-paragraph\">Amb aquesta iniciativa, el centre hospitalari tamb\u00e9 ha volgut apropar el dia a dia en les Unitats de Neonatologia, que s&#8217;adapten als nous temps amb pol\u00edtiques de portes obertes i foment de la lact\u00e0ncia materna, com \u00e9s el cas de l&#8217;Hospital de Manises.<\/p>\n\n\n\n<p class=\"wp-block-paragraph\">&#8220;La nostra Unitat Neonatal es regeix per una pol\u00edtica de portes obertes, permetent i fomentant el contacte pares-fill i el m\u00e8tode cangur. La separaci\u00f3 pares-fill \u00e9s molt dolorosa per als pares, els genera molta ansietat i fins i tot desconfian\u00e7a en alguns casos. L&#8217;entrada lliure a la Unitat augmenta tant la confian\u00e7a dels pares en el personal que at\u00e9n als seus fills, com el seu grau de satisfacci\u00f3 general amb les atencions que reben &#8220;, explica la doctora Garrido. No obstant aix\u00f2, els especialistes assenyalen que encara quedes moltes unitats neonatals amb horaris r\u00edgids i restringits per l&#8217;entrada dels pares.<\/p>\n\n\n\n<p class=\"wp-block-paragraph\">El suport a la lact\u00e0ncia materna \u00e9s una altra de les tasques fonamentals en les Unitats Neonatals. &#8220;Tant \u00e9s aix\u00ed que moltes mares reconeixen que, tot i l&#8217;experi\u00e8ncia negativa d&#8217;haver ingressat al seu nad\u00f3, es porten com a positiu el suport en les seues cures i l&#8217;aprenentatge pel que fa a la lact\u00e0ncia materna&#8221;, assegura la doctora Garrido. Segons dades de l&#8217;Hospital de Manises, gr\u00e0cies a aquestes pol\u00edtiques, la majoria de les mares ateses a la Unitat que desitgen establir la lact\u00e0ncia ho aconsegueixen.<\/p>\n\n\n\n<p class=\"wp-block-paragraph\"><strong>Prematurs, una realitat en augment<\/strong><\/p>\n\n\n\n<p class=\"wp-block-paragraph\">El nombre de nens que neixen prematurs s&#8217;ha elevat un 30% en l&#8217;\u00faltima d\u00e8cada. A l&#8217;Hospital de Manises ja es at\u00e9n prop de 90 casos cada any. Segons els especialistes de l&#8217;Hospital de Manises ha diverses circumst\u00e0ncies que influeixen en aquest augment. D&#8217;una banda el retard en la maternitat. &#8220;Com m\u00e9s edat materna major risc de prematuritat espont\u00e0nia i de problemes en l&#8217;embar\u00e0s que puguen fer necessari provocar el part abans de el terme (hipertensi\u00f3 arterial materna, preecl\u00e0mpsia, diabetis gestacional, retard de creixement intrauter\u00ed.&#8221;. Explica la doctora Blanca Garrido.<\/p>\n\n\n\n<p class=\"wp-block-paragraph\">D&#8217;altra banda, destaquen els especialistes, l&#8217;auge de les t\u00e8cniques de reproducci\u00f3 assistida. &#8220;Les mares que han precisat rec\u00f3rrer a reproducci\u00f3 assistida per aconseguir embar\u00e0s tenen major taxa de prematuritat espont\u00e0nia. En aquest cas tamb\u00e9 influeix la major freq\u00fc\u00e8ncia d&#8217;embarassos m\u00faltiples, que tamb\u00e9 tenen m\u00e9s risc de naixement prematur &#8220;, assegura la pediatra de Manises.<\/p>\n\n\n\n<p class=\"wp-block-paragraph\"><strong>Humanitzaci\u00f3 de la Unitat<\/strong><\/p>\n\n\n\n<p class=\"wp-block-paragraph\"> La Unitat de Neonatologia de l&#8217;Hospital de Manises permet que els pares i mares puguen estar a la banda de l&#8217;nounat les 24 hores del dia. &#8220;En aquesta l\u00ednia d&#8217;humanitzar aquest tipus de serveis, el Departament de Salut de Manises tamb\u00e9 ha obert les portes de la Unitat a iaios i germans que poden acompanyar el beb\u00e9 durant una hora \u2014entre les 17.00 a 18.00 hores\u2014 en companyia d&#8217;un dels els progenitors. &#8220;Creiem que \u00e9s important que els familiars m\u00e9s propers de l&#8217;nounat estiguen al seu costat des del primer moment. Els pares de beb\u00e9s prematurs sumen a l&#8217;angoixa i la por per l&#8217;internament la separaci\u00f3 per temps prolongat d&#8217;altres fills i que es creu un distanciament. A m\u00e9s, l&#8217;experi\u00e8ncia ha demostrat que la pres\u00e8ncia dels germans els permet a aquests con\u00e8ixer i entendre el lloc on els pares i el beb\u00e9 passen gran part del seu temps i l&#8217;ajuda a comprendre la situaci\u00f3 d&#8217;estar en un lloc internat &#8220;, indica la doctora Costa.<\/p>\n","protected":false},"excerpt":{"rendered":"<div class=\"mh-excerpt\">El nombre de nens que neixen prematurs s&#8217;ha elevat un 30% en l&#8217;\u00faltima d\u00e8cada. L&#8217;Hospital de Manises at\u00e9n 90 casos cada any Els professionals de l&#8217;Hospital de Manises tamb\u00e9 han elaborat un dec\u00e0leg amb informaci\u00f3 <a class=\"mh-excerpt-more\" href=\"https:\/\/tucomarca.whitekongsoftware.com\/ca\/manises-lanza-un-decalogo-para-los-papas-y-mamas-con-bebes-prematuros-ingresados-neonatologia\/\" title=\"Manises lanza un dec\u00e1logo para los pap\u00e1s y mam\u00e1s con beb\u00e9s prematuros ingresados Neonatolog\u00eda\">[+] <\/a><\/div>\n","protected":false},"author":12,"featured_media":97657,"comment_status":"open","ping_status":"open","sticky":false,"template":"","format":"standard","meta":{"footnotes":""},"categories":[11010,10894,10912,10902,10896],"tags":[136],"class_list":["post-97658","post","type-post","status-publish","format-standard","has-post-thumbnail","category-canal-salud","category-la-comarca-ca","category-la-hoya-ca","category-la-ribera-ca","category-seccion-ca","tag-hospital-de-manises"],"_links":{"self":[{"href":"https:\/\/tucomarca.whitekongsoftware.com\/ca\/wp-json\/wp\/v2\/posts\/97658","targetHints":{"allow":["GET"]}}],"collection":[{"href":"https:\/\/tucomarca.whitekongsoftware.com\/ca\/wp-json\/wp\/v2\/posts"}],"about":[{"href":"https:\/\/tucomarca.whitekongsoftware.com\/ca\/wp-json\/wp\/v2\/types\/post"}],"author":[{"embeddable":true,"href":"https:\/\/tucomarca.whitekongsoftware.com\/ca\/wp-json\/wp\/v2\/users\/12"}],"replies":[{"embeddable":true,"href":"https:\/\/tucomarca.whitekongsoftware.com\/ca\/wp-json\/wp\/v2\/comments?post=97658"}],"version-history":[{"count":0,"href":"https:\/\/tucomarca.whitekongsoftware.com\/ca\/wp-json\/wp\/v2\/posts\/97658\/revisions"}],"wp:featuredmedia":[{"embeddable":true,"href":"https:\/\/tucomarca.whitekongsoftware.com\/ca\/wp-json\/wp\/v2\/media\/97657"}],"wp:attachment":[{"href":"https:\/\/tucomarca.whitekongsoftware.com\/ca\/wp-json\/wp\/v2\/media?parent=97658"}],"wp:term":[{"taxonomy":"category","embeddable":true,"href":"https:\/\/tucomarca.whitekongsoftware.com\/ca\/wp-json\/wp\/v2\/categories?post=97658"},{"taxonomy":"post_tag","embeddable":true,"href":"https:\/\/tucomarca.whitekongsoftware.com\/ca\/wp-json\/wp\/v2\/tags?post=97658"}],"curies":[{"name":"wp","href":"https:\/\/api.w.org\/{rel}","templated":true}]}}