{"id":97650,"date":"2019-12-21T16:27:00","date_gmt":"2019-12-21T14:27:00","guid":{"rendered":"http:\/\/www.tucomarca.com\/wordpress\/segunda\/?p=97650"},"modified":"2019-12-21T16:27:10","modified_gmt":"2019-12-21T14:27:10","slug":"lalumnat-de-ceip-francisco-giner-del-los-rios-de-xest-rep-un-taller-de-plantacio-darbres","status":"publish","type":"post","link":"https:\/\/tucomarca.whitekongsoftware.com\/ca\/lalumnat-de-ceip-francisco-giner-del-los-rios-de-xest-rep-un-taller-de-plantacio-darbres\/","title":{"rendered":"L&#8217;alumnat de CEIP Francisco Giner del los R\u00edos de Xest rep un taller de plantaci\u00f3 d&#8217;arbres"},"content":{"rendered":"\n<p class=\"wp-block-paragraph\">L&#8217;alumnat de CEIP Francisco Giner dels Rius ha participat en un taller de plantaci\u00f3 d&#8217;arbres aquest passat divendres a c\u00e0rrec de l&#8217;bi\u00f2leg V\u00edctor Soler. &#8220;El col\u00b7legi havia sol\u00b7licitat, a partir d&#8217;el projecte Xest Decideix &#8211; cols, la plantaci\u00f3 de nous arbres i des de les regidories de Medi Ambient i de Parcs i Jardins hem decidit donar-li a aquesta acci\u00f3 un enfocament mediambiental i involucrar els nens i nenes al proc\u00e9s, explicant-los com cuidar els arbres i conscienciant de la import\u00e0ncia de respectar l&#8217;entorn natural &#8220;, ha explicat el regidor de Medi Ambient i Parcs i Jardins, David Pujals.<br> El fort vent ha impedit que el taller es desenvolup\u00e9s al pati de centre, de manera que la formaci\u00f3 s&#8217;ha hagut de traslladar a l&#8217;hall. En primer lloc ha estat el torn dels alumnes i les alumnes de 4t, 5\u00e8 i 6\u00e8 i despr\u00e9s ha participat un segon grup, format pels tres primers cursos d&#8217;Educaci\u00f3 Prim\u00e0ria. Soler els ha introdu\u00eft les noves esp\u00e8cies que es plantaran a l&#8217;entrada principal de l&#8217;escola i els ha explicat conceptes b\u00e0sics sobre les plantes, les seues caracter\u00edstiques, la seua nutrici\u00f3, les seues necessitats vitals b\u00e0siques i algunes curiositats, fomentant en tot moment la participaci\u00f3, de manera que l&#8217;alumnat ha pogut manifestar tots els seus dubtes sobre el tema.<br> &#8220;\u00c9s molt important que els xiquets i les xiquetes reben aquesta formaci\u00f3 perqu\u00e8 no es produeixin els errors que hist\u00f2ricament s&#8217;han anat donant, plantant en llocs on no es devia o podant mal arbres que havien d&#8217;haver estat cures d&#8217;una altra manera, per exemple &#8220;, apuntava Soler. &#8220;El Dia de l&#8217;Arbre hauria de ser qualsevol dia d&#8217;any i no relegar-se a una campanya de plantaci\u00f3 de nadons arbres que despr\u00e9s ning\u00fa t\u00e9 cura, de manera que es converteix en un gest que s&#8217;apaga. Per aquest motiu jo proposo que es vagen fent intervencions educatives com la d&#8217;avui: que es plante un arbre o uns pocs, per\u00f2 ben plantats; que despr\u00e9s es cuiden i aquestes atencions serveixen d&#8217;exemple; que es donin a con\u00e8ixer les diferents esp\u00e8cies i els tipus de fulles o es realitzin herbaris. Els xiquets i les xiquetes estan explorant el seu m\u00f3n i aquest m\u00f3n no s\u00f3n nom\u00e9s quatre parets, el que tenen al jard\u00ed de l&#8217;escola hauria de ser una prolongaci\u00f3 del que estudien a l&#8217;aula sobre les plantes: en el vostre tenen l&#8217;oportunitat d&#8217;explorar i observar col\u00b7leccions vivents &#8220;.<br> Pujals tamb\u00e9 ha posat \u00e8mfasi en la import\u00e0ncia d&#8217;una formaci\u00f3 mediambiental per als que seran els &#8216;ciutadans i ciutadanes de l&#8217;dem\u00e0&#8217;. &#8220;Tenim pensat organitzar m\u00e9s tallers i, concretament en aquest mateix col\u00b7legi, la direcci\u00f3 ens ha proposat disposar d&#8217;un hort social, de qu\u00e8 s&#8217;ocupar\u00e0 el propi alumnat, amb l&#8217;ajuda de el personal de jardineria&#8221;, ha anunciat el regidor. &#8220;A m\u00e9s, tamb\u00e9 aqu\u00ed al Giner, ahir es van instal\u00b7lar uns sistemes tensors per evitar el trencament de les grans branques per l&#8217;acci\u00f3 de vent i es va podar l&#8217;eucaliptus d&#8217;un dels patis&#8221;.<br> Aix\u00ed mateix, el regidor ha informat sobre l&#8217;aposta de la regidoria de Parcs i Jardins per una jardineria sostenible, a partir de la introducci\u00f3 d&#8217;esp\u00e8cies aut\u00f2ctones a les zones verdes de Xest.<br> &#8220;Hi ha hagut un canvi en la jardineria que aposta per arbres sostenibles, aut\u00f2ctons i que requereixin de poca feina, aclimatats a la terra que tenim aqu\u00ed; per podes menys dr\u00e0stiques i per la conscienciaci\u00f3 social i l&#8217;educaci\u00f3 ambiental &#8220;, afegia Paco Torres, responsable de vivers El Barranquet, empresa encarregada de la jardineria municipal, al costat de Parrita Jardiners.<\/p>\n","protected":false},"excerpt":{"rendered":"<div class=\"mh-excerpt\">L&#8217;alumnat de CEIP Francisco Giner dels Rius ha participat en un taller de plantaci\u00f3 d&#8217;arbres aquest passat divendres a c\u00e0rrec de l&#8217;bi\u00f2leg V\u00edctor Soler. &#8220;El col\u00b7legi havia sol\u00b7licitat, a partir d&#8217;el projecte Xest Decideix &#8211; <a class=\"mh-excerpt-more\" href=\"https:\/\/tucomarca.whitekongsoftware.com\/ca\/lalumnat-de-ceip-francisco-giner-del-los-rios-de-xest-rep-un-taller-de-plantacio-darbres\/\" title=\"L&#8217;alumnat de CEIP Francisco Giner del los R\u00edos de Xest rep un taller de plantaci\u00f3 d&#8217;arbres\">[+] <\/a><\/div>\n","protected":false},"author":12,"featured_media":97648,"comment_status":"open","ping_status":"open","sticky":false,"template":"","format":"standard","meta":{"footnotes":""},"categories":[10894,10912,10903,10896,10974],"tags":[],"class_list":["post-97650","post","type-post","status-publish","format-standard","has-post-thumbnail","category-la-comarca-ca","category-la-hoya-ca","category-medio-ambiente-la-comarca-ca","category-seccion-ca","category-cheste-ca"],"_links":{"self":[{"href":"https:\/\/tucomarca.whitekongsoftware.com\/ca\/wp-json\/wp\/v2\/posts\/97650","targetHints":{"allow":["GET"]}}],"collection":[{"href":"https:\/\/tucomarca.whitekongsoftware.com\/ca\/wp-json\/wp\/v2\/posts"}],"about":[{"href":"https:\/\/tucomarca.whitekongsoftware.com\/ca\/wp-json\/wp\/v2\/types\/post"}],"author":[{"embeddable":true,"href":"https:\/\/tucomarca.whitekongsoftware.com\/ca\/wp-json\/wp\/v2\/users\/12"}],"replies":[{"embeddable":true,"href":"https:\/\/tucomarca.whitekongsoftware.com\/ca\/wp-json\/wp\/v2\/comments?post=97650"}],"version-history":[{"count":0,"href":"https:\/\/tucomarca.whitekongsoftware.com\/ca\/wp-json\/wp\/v2\/posts\/97650\/revisions"}],"wp:featuredmedia":[{"embeddable":true,"href":"https:\/\/tucomarca.whitekongsoftware.com\/ca\/wp-json\/wp\/v2\/media\/97648"}],"wp:attachment":[{"href":"https:\/\/tucomarca.whitekongsoftware.com\/ca\/wp-json\/wp\/v2\/media?parent=97650"}],"wp:term":[{"taxonomy":"category","embeddable":true,"href":"https:\/\/tucomarca.whitekongsoftware.com\/ca\/wp-json\/wp\/v2\/categories?post=97650"},{"taxonomy":"post_tag","embeddable":true,"href":"https:\/\/tucomarca.whitekongsoftware.com\/ca\/wp-json\/wp\/v2\/tags?post=97650"}],"curies":[{"name":"wp","href":"https:\/\/api.w.org\/{rel}","templated":true}]}}