{"id":97630,"date":"2019-12-20T15:23:20","date_gmt":"2019-12-20T13:23:20","guid":{"rendered":"http:\/\/www.tucomarca.com\/wordpress\/segunda\/?p=97630"},"modified":"2019-12-21T15:23:48","modified_gmt":"2019-12-21T13:23:48","slug":"la-jove-orquestra-de-la-generalitat-valenciana-inicia-la-seua-trobada-dhivern-que-concloura-amb-tres-concerts-a-lliria-valencia-i-godella","status":"publish","type":"post","link":"https:\/\/tucomarca.whitekongsoftware.com\/ca\/la-jove-orquestra-de-la-generalitat-valenciana-inicia-la-seua-trobada-dhivern-que-concloura-amb-tres-concerts-a-lliria-valencia-i-godella\/","title":{"rendered":"La Jove Orquestra de la Generalitat Valenciana inicia la seua trobada d&#8217;hivern que conclour\u00e0 amb tres concerts a Ll\u00edria, Val\u00e8ncia i Godella"},"content":{"rendered":"\n<p class=\"wp-block-paragraph\">La Jove Orquestra de la Generalitat Valenciana comen\u00e7a la seva trobada d&#8217;hivern, que tindr\u00e0 lloc de l&#8217;21 de desembre a el 2 de gener a l&#8217;Escola de M\u00fasica de la Banda Primitiva de Ll\u00edria. Aquest any ho far\u00e0 de la m\u00e0 de el director Pablo Rus Broseta, la directora assistent J\u00falia Creu i el compositor resident Marc Garc\u00eda Vit\u00f2ria, amb un programa d&#8217;obres de Bartok, Haydn i Brahms.<\/p>\n\n\n\n<p class=\"wp-block-paragraph\">La trobada d&#8217;hivern de la Jove Orquestra de la Generalitat Valenciana conclour\u00e0 en aquesta ocasi\u00f3 amb tres concerts: el 3 de gener, al Teatre de la Banda Primitiva de Ll\u00edria, a les 19.30 hores; el 4 de gener, al Palau de les Arts de Val\u00e8ncia, a les 19.30 hores i el dia 5 de gener, al Teatre Capitoli de Godella, a les 12.00 hores.<\/p>\n\n\n\n<p class=\"wp-block-paragraph\">Les trobades de la Jove Orquestra suposen estades molt interessants per a la formaci\u00f3 dels joves m\u00fasics perqu\u00e8 s&#8217;ajunten uns dies de conviv\u00e8ncia amb tallers d&#8217;alt nivell de les diferents especialitats instrumentals, per a concloure despr\u00e9s amb assajos conjunts i la celebraci\u00f3 de tres concerts.<\/p>\n\n\n\n<p class=\"wp-block-paragraph\">La Jove Orquestra de la Generalitat Valenciana dep\u00e8n de la Direcci\u00f3 Adjunta de M\u00fasica i Cultura Popular de l&#8217;Institut Valenci\u00e0 de Cultura i est\u00e0 formada per 95 m\u00fasics menors de 26 anys. El seu director des de l&#8217;octubre de 2017 \u00e9s Pablo Rus Broseta, format a Val\u00e8ncia, Li\u00f3, Amsterdam i Berl\u00edn i actualment director associat de la Seattle Symphony, en la qual lidera una extensa varietat de programes.<\/p>\n\n\n\n<p class=\"wp-block-paragraph\">La Jove Orquestra de la Generalitat Valenciana t\u00e9 com a objectiu contribuir a la formaci\u00f3 dels m\u00fasics per mitj\u00e0 de trobades i tallers dirigits per destacats professors de cada especialitat instrumental.<\/p>\n\n\n\n<p class=\"wp-block-paragraph\">En aquest cas, en la trobada d&#8217;hivern participen Susanna Gregorian (viol\u00ed), Mihail Spivak (viol\u00ed); Javier C\u00e1rdenas (viola); Alex Friedhoff (violoncel); Mihai Ichim (contrabaix); Salvador Mart\u00ednez (flauta); Daniel Fuster (obo\u00e9); Eduardo Raimundo (clarinet); Salva Sanchis (fagot); Jes\u00fas S\u00e1chez (trompa); Francisco Javier Barber\u00e1 (trompeta); Juan M. Reial (tromb\u00f3 \/ tuba) i Javier Eguillor, (percussi\u00f3).<\/p>\n","protected":false},"excerpt":{"rendered":"<div class=\"mh-excerpt\">La Jove Orquestra de la Generalitat Valenciana comen\u00e7a la seva trobada d&#8217;hivern, que tindr\u00e0 lloc de l&#8217;21 de desembre a el 2 de gener a l&#8217;Escola de M\u00fasica de la Banda Primitiva de Ll\u00edria. Aquest <a class=\"mh-excerpt-more\" href=\"https:\/\/tucomarca.whitekongsoftware.com\/ca\/la-jove-orquestra-de-la-generalitat-valenciana-inicia-la-seua-trobada-dhivern-que-concloura-amb-tres-concerts-a-lliria-valencia-i-godella\/\" title=\"La Jove Orquestra de la Generalitat Valenciana inicia la seua trobada d&#8217;hivern que conclour\u00e0 amb tres concerts a Ll\u00edria, Val\u00e8ncia i Godella\">[+] <\/a><\/div>\n","protected":false},"author":1,"featured_media":97628,"comment_status":"open","ping_status":"open","sticky":false,"template":"","format":"standard","meta":{"footnotes":""},"categories":[10892,11005,10894,10904,10928,11007,10896],"tags":[10899,10395],"class_list":["post-97630","post","type-post","status-publish","format-standard","has-post-thumbnail","category-camp-de-turia-ca","category-canal-musica","category-la-comarca-ca","category-sin-categorizar-ca","category-lliria-ca","category-ocio-y-cultura-ca","category-seccion-ca","tag-camp-de-turia-ca","tag-camp-de-turia"],"_links":{"self":[{"href":"https:\/\/tucomarca.whitekongsoftware.com\/ca\/wp-json\/wp\/v2\/posts\/97630","targetHints":{"allow":["GET"]}}],"collection":[{"href":"https:\/\/tucomarca.whitekongsoftware.com\/ca\/wp-json\/wp\/v2\/posts"}],"about":[{"href":"https:\/\/tucomarca.whitekongsoftware.com\/ca\/wp-json\/wp\/v2\/types\/post"}],"author":[{"embeddable":true,"href":"https:\/\/tucomarca.whitekongsoftware.com\/ca\/wp-json\/wp\/v2\/users\/1"}],"replies":[{"embeddable":true,"href":"https:\/\/tucomarca.whitekongsoftware.com\/ca\/wp-json\/wp\/v2\/comments?post=97630"}],"version-history":[{"count":0,"href":"https:\/\/tucomarca.whitekongsoftware.com\/ca\/wp-json\/wp\/v2\/posts\/97630\/revisions"}],"wp:featuredmedia":[{"embeddable":true,"href":"https:\/\/tucomarca.whitekongsoftware.com\/ca\/wp-json\/wp\/v2\/media\/97628"}],"wp:attachment":[{"href":"https:\/\/tucomarca.whitekongsoftware.com\/ca\/wp-json\/wp\/v2\/media?parent=97630"}],"wp:term":[{"taxonomy":"category","embeddable":true,"href":"https:\/\/tucomarca.whitekongsoftware.com\/ca\/wp-json\/wp\/v2\/categories?post=97630"},{"taxonomy":"post_tag","embeddable":true,"href":"https:\/\/tucomarca.whitekongsoftware.com\/ca\/wp-json\/wp\/v2\/tags?post=97630"}],"curies":[{"name":"wp","href":"https:\/\/api.w.org\/{rel}","templated":true}]}}