{"id":97623,"date":"2019-12-20T15:16:36","date_gmt":"2019-12-20T13:16:36","guid":{"rendered":"http:\/\/www.tucomarca.com\/wordpress\/segunda\/?p=97623"},"modified":"2019-12-21T15:18:46","modified_gmt":"2019-12-21T13:18:46","slug":"la-guardia-civil-comienza-a-prestar-servicio-en-la-central-nuclear-de-cofrentes","status":"publish","type":"post","link":"https:\/\/tucomarca.whitekongsoftware.com\/ca\/la-guardia-civil-comienza-a-prestar-servicio-en-la-central-nuclear-de-cofrentes\/","title":{"rendered":"La Gu\u00e0rdia Civil comen\u00e7a a prestar servei a la central nuclear de Cofrents"},"content":{"rendered":"\n<p class=\"wp-block-paragraph\">La central nuclear de Cofrents ja compta en les seves instal\u00b7lacions amb la pres\u00e8ncia permanent d&#8217;agents de la Gu\u00e0rdia Civil pertanyents a la Unitat de Resposta.<br> El desplegament d&#8217;aquestes unitats en les centrals nuclears espanyoles s&#8217;emmarca en les mesures adoptades amb l&#8217;aplicaci\u00f3 de la Llei 8\/2011 de Protecci\u00f3 d&#8217;Infraestructures Cr\u00edtiques. El contingent d&#8217;agents que s&#8217;incorpora a la central nuclear de Cofrents ho fa en virtut del que estipula el Reial Decret 1086\/2015 sobre protecci\u00f3 f\u00edsica de les instal\u00b7lacions i els materials nuclears, i de les fonts radioactives, incrementant amb aix\u00f2 capacitat de resposta davant potencials amenaces que afecten la seguretat f\u00edsica de la instal\u00b7laci\u00f3.<br> La Unitat de Resposta de la Gu\u00e0rdia Civil s&#8217;ubicar\u00e0 permanentment dins el propi empla\u00e7ament, per al que s&#8217;ha constru\u00eft espec\u00edficament un edifici dotat de les infraestructures necess\u00e0ries, que permeti albergar el personal.<br> Per a aix\u00f2 els responsables de la Gu\u00e0rdia Civil han treballat conjuntament amb els responsables de Seguretat F\u00edsica d&#8217;Iberdrola, a l&#8217;objecte de coordinar tots els protocols d&#8217;actuaci\u00f3 i de dotaci\u00f3 de mitjans. Tant la inversi\u00f3 inicial com els costos de manteniment de l&#8217;desplegament s\u00f3n sufragats per Iberdrola d&#8217;acord amb la Llei general tribut\u00e0ria 58\/2003.<br> La central nuclear de Cofrents se suma aix\u00ed a les centrals de Trillo (Guadalajara); Almaraz (C\u00e0ceres) i Asc\u00f3 &#8211; Vandell\u00f2s (Tarragona), on la Unitat de respueta ja presta aquest tipus de servei que refor\u00e7a la seguretat f\u00edsica de la instal\u00b7laci\u00f3, sumant-se a les capacitats ja existents, de manera que s&#8217;eleva considerablement l&#8217;efic\u00e0cia dels sistemes de protecci\u00f3 f\u00edsica de la central nuclear de Cofrents i garanteix en el seu conjunt, l&#8217;operaci\u00f3 segura i fiable de la central. <\/p>\n","protected":false},"excerpt":{"rendered":"<div class=\"mh-excerpt\">La central nuclear de Cofrents ja compta en les seves instal\u00b7lacions amb la pres\u00e8ncia permanent d&#8217;agents de la Gu\u00e0rdia Civil pertanyents a la Unitat de Resposta. El desplegament d&#8217;aquestes unitats en les centrals nuclears espanyoles <a class=\"mh-excerpt-more\" href=\"https:\/\/tucomarca.whitekongsoftware.com\/ca\/la-guardia-civil-comienza-a-prestar-servicio-en-la-central-nuclear-de-cofrentes\/\" title=\"La Gu\u00e0rdia Civil comen\u00e7a a prestar servei a la central nuclear de Cofrents\">[+] <\/a><\/div>\n","protected":false},"author":1,"featured_media":78807,"comment_status":"open","ping_status":"open","sticky":false,"template":"","format":"standard","meta":{"footnotes":""},"categories":[10951,10955,10898,10948,10894,10896,10897],"tags":[11216,10540],"class_list":["post-97623","post","type-post","status-publish","format-standard","has-post-thumbnail","category-ayora-cofrentes-ca","category-cofrentes-ca","category-ventana-ca","category-infraestructuras-ca","category-la-comarca-ca","category-seccion-ca","category-sucesos-la-comarca-ca","tag-ayora-cofrentes-ca","tag-ayora-cofrentes"],"_links":{"self":[{"href":"https:\/\/tucomarca.whitekongsoftware.com\/ca\/wp-json\/wp\/v2\/posts\/97623","targetHints":{"allow":["GET"]}}],"collection":[{"href":"https:\/\/tucomarca.whitekongsoftware.com\/ca\/wp-json\/wp\/v2\/posts"}],"about":[{"href":"https:\/\/tucomarca.whitekongsoftware.com\/ca\/wp-json\/wp\/v2\/types\/post"}],"author":[{"embeddable":true,"href":"https:\/\/tucomarca.whitekongsoftware.com\/ca\/wp-json\/wp\/v2\/users\/1"}],"replies":[{"embeddable":true,"href":"https:\/\/tucomarca.whitekongsoftware.com\/ca\/wp-json\/wp\/v2\/comments?post=97623"}],"version-history":[{"count":0,"href":"https:\/\/tucomarca.whitekongsoftware.com\/ca\/wp-json\/wp\/v2\/posts\/97623\/revisions"}],"wp:featuredmedia":[{"embeddable":true,"href":"https:\/\/tucomarca.whitekongsoftware.com\/ca\/wp-json\/wp\/v2\/media\/78807"}],"wp:attachment":[{"href":"https:\/\/tucomarca.whitekongsoftware.com\/ca\/wp-json\/wp\/v2\/media?parent=97623"}],"wp:term":[{"taxonomy":"category","embeddable":true,"href":"https:\/\/tucomarca.whitekongsoftware.com\/ca\/wp-json\/wp\/v2\/categories?post=97623"},{"taxonomy":"post_tag","embeddable":true,"href":"https:\/\/tucomarca.whitekongsoftware.com\/ca\/wp-json\/wp\/v2\/tags?post=97623"}],"curies":[{"name":"wp","href":"https:\/\/api.w.org\/{rel}","templated":true}]}}