{"id":97598,"date":"2019-12-19T23:24:34","date_gmt":"2019-12-19T21:24:34","guid":{"rendered":"http:\/\/www.tucomarca.com\/wordpress\/segunda\/?p=97598"},"modified":"2019-12-19T23:24:43","modified_gmt":"2019-12-19T21:24:43","slug":"xest-presenta-el-programa-viu-actiu-per-assessorar-i-acompanyar-a-la-seua-poblacio-en-habits-saludables","status":"publish","type":"post","link":"https:\/\/tucomarca.whitekongsoftware.com\/ca\/xest-presenta-el-programa-viu-actiu-per-assessorar-i-acompanyar-a-la-seua-poblacio-en-habits-saludables\/","title":{"rendered":"Xest presenta el programa VIU-ACTIU per assessorar i acompanyar a la seua poblaci\u00f3 en h\u00e0bits saludables"},"content":{"rendered":"\n<p class=\"wp-block-paragraph\">Una poblaci\u00f3 que realitza exercici f\u00edsic, seguix una dieta equilibrada i adquireix una s\u00e8rie d&#8217;h\u00e0bits saludables va a veure millorada notablement la seua qualitat de vida, la seva salut i la prevenci\u00f3 de malalties. Aquest \u00e9s l&#8217;objectiu de el programa VIU-ACTIU que l&#8217;ajuntament de Xest ha presentat als seus ve\u00efns. Amb aquesta iniciativa s&#8217;ofereix a la poblaci\u00f3 un assessorament i un pla individualitzat per fomentar la pr\u00e0ctica esportiva i el comprom\u00eds amb h\u00e0bits saludables.<br> \u00a0<br> La regidora de Sanitat, Mar\u00eda \u00c1ngeles Llorente, el coordinador m\u00e8dic de el Centre de Salut de Xest, Esteban Rosero, els especialistes en Activitat F\u00edsica i Esport, Alba Domench i Isaac Ll\u00e1cer, i el gerent de l&#8217;col\u00b7legi de llicenciats de l&#8217;activitat f\u00edsica i l&#8217;esport , Vicente Monta\u00f1ana han presentat aquesta iniciativa que pret\u00e9n sumar a el major nombre de ve\u00efns de la localitat. Aquesta activitat, que comen\u00e7ar\u00e0 al gener, est\u00e0 dirigida a tota la poblaci\u00f3 de Xest, amb especial inter\u00e8s cap a aquelles persones amb patologies cr\u00f2nica, majors d&#8217;edat o gent que no realitza cap activitat f\u00edsica.<br> \u00a0<br> El programa VIU-ACTIU est\u00e0 promogut per l&#8217;ajuntament de Xest i compta amb la col\u00b7laboraci\u00f3 de el Departament de Salut de Manises a trav\u00e9s del Centre de Salut. La iniciativa est\u00e0 supervisada per professionals sanitaris i experts en activitat f\u00edsica i esport que treballaran de forma coordinada en el seguiment individualitzat i grupal dels participants de el projecte.<br> \u00a0<br> <strong>Metodologia<\/strong><br> \u00a0<br> El personal sanitari de el Centre d&#8217;Atenci\u00f3 Prim\u00e0ria seran els encarregats de determinar els participants que accediran a el programa. Aquests realitzaran una entrevista individualitzada i un test f\u00edsic supervisat per professionals de l&#8217;activitat f\u00edsica i l&#8217;esport. Un cop determinat la condici\u00f3 f\u00edsica i l&#8217;estat motivacional es passar\u00e0 a les seg\u00fcents fases. D&#8217;una banda, es realitzaran accions de dinamitzaci\u00f3 comunit\u00e0ria en salut com una campanya de prevenci\u00f3, un &#8220;mapeig&#8221; els actius i necessitats de la salut del municipi, la creaci\u00f3 de rutes saludable o xerrades formatives. I d&#8217;altra banda, es realitzar\u00e0 una intervenci\u00f3 on s&#8217;establir\u00e0 l&#8217;exercici f\u00edsic per a cada pacient i les activitats grupals on es treballa principalment la for\u00e7a, l&#8217;equilibri o la flexibilitat, tot aix\u00f2 coordinat i supervisat per preparadors f\u00edsics.<br> \u00a0<br> El programa, que \u00e9s gratu\u00eft, t\u00e9 una durada de 42 setmanes i permetr\u00e0 mantenir un seguiment individual de cada persona participant per part dels professionals sanitaris i de l&#8217;esport per tal de millorar els resultats f\u00edsics i de salut dels ve\u00efns de la localitat.<br> \u00a0<br> Aquesta iniciativa s&#8217;emmarca en el IV Pla de Salut de la Comunitat Valenciana desenvolupat per la Conselleria de Sanitat Universal i Salut P\u00fablica que t\u00e9 entre els seus objectius desenvolupar en l&#8217;\u00e0mbit de l&#8217;atenci\u00f3 prim\u00e0ria intervencions dirigides a guanyar en salut i prevenir l&#8217;aparici\u00f3 de malalties o lesions i, informar sobre alimentaci\u00f3 i activitat f\u00edsica a les consultes de centre de salut per abordar diferents problemes cr\u00f2nics relacionats amb la salut.<\/p>\n","protected":false},"excerpt":{"rendered":"<div class=\"mh-excerpt\">Una poblaci\u00f3 que realitza exercici f\u00edsic, seguix una dieta equilibrada i adquireix una s\u00e8rie d&#8217;h\u00e0bits saludables va a veure millorada notablement la seua qualitat de vida, la seva salut i la prevenci\u00f3 de malalties. Aquest <a class=\"mh-excerpt-more\" href=\"https:\/\/tucomarca.whitekongsoftware.com\/ca\/xest-presenta-el-programa-viu-actiu-per-assessorar-i-acompanyar-a-la-seua-poblacio-en-habits-saludables\/\" title=\"Xest presenta el programa VIU-ACTIU per assessorar i acompanyar a la seua poblaci\u00f3 en h\u00e0bits saludables\">[+] <\/a><\/div>\n","protected":false},"author":1,"featured_media":97596,"comment_status":"open","ping_status":"open","sticky":false,"template":"","format":"standard","meta":{"footnotes":""},"categories":[11010,10898,10948,10894,10912,11009,10896,10974],"tags":[10914,5952],"class_list":["post-97598","post","type-post","status-publish","format-standard","has-post-thumbnail","category-canal-salud","category-ventana-ca","category-infraestructuras-ca","category-la-comarca-ca","category-la-hoya-ca","category-polideportivo-ca","category-seccion-ca","category-cheste-ca","tag-la-hoya-de-bunol-chiva-ca","tag-la-hoya-de-bunol-chiva"],"_links":{"self":[{"href":"https:\/\/tucomarca.whitekongsoftware.com\/ca\/wp-json\/wp\/v2\/posts\/97598","targetHints":{"allow":["GET"]}}],"collection":[{"href":"https:\/\/tucomarca.whitekongsoftware.com\/ca\/wp-json\/wp\/v2\/posts"}],"about":[{"href":"https:\/\/tucomarca.whitekongsoftware.com\/ca\/wp-json\/wp\/v2\/types\/post"}],"author":[{"embeddable":true,"href":"https:\/\/tucomarca.whitekongsoftware.com\/ca\/wp-json\/wp\/v2\/users\/1"}],"replies":[{"embeddable":true,"href":"https:\/\/tucomarca.whitekongsoftware.com\/ca\/wp-json\/wp\/v2\/comments?post=97598"}],"version-history":[{"count":0,"href":"https:\/\/tucomarca.whitekongsoftware.com\/ca\/wp-json\/wp\/v2\/posts\/97598\/revisions"}],"wp:featuredmedia":[{"embeddable":true,"href":"https:\/\/tucomarca.whitekongsoftware.com\/ca\/wp-json\/wp\/v2\/media\/97596"}],"wp:attachment":[{"href":"https:\/\/tucomarca.whitekongsoftware.com\/ca\/wp-json\/wp\/v2\/media?parent=97598"}],"wp:term":[{"taxonomy":"category","embeddable":true,"href":"https:\/\/tucomarca.whitekongsoftware.com\/ca\/wp-json\/wp\/v2\/categories?post=97598"},{"taxonomy":"post_tag","embeddable":true,"href":"https:\/\/tucomarca.whitekongsoftware.com\/ca\/wp-json\/wp\/v2\/tags?post=97598"}],"curies":[{"name":"wp","href":"https:\/\/api.w.org\/{rel}","templated":true}]}}