{"id":97480,"date":"2019-12-16T23:32:53","date_gmt":"2019-12-16T21:32:53","guid":{"rendered":"http:\/\/www.tucomarca.com\/wordpress\/segunda\/?p=97480"},"modified":"2019-12-16T23:33:00","modified_gmt":"2019-12-16T21:33:00","slug":"fotogaleria-xest-dona-la-benvinguda-al-nadal-amb-una-festa-infantil","status":"publish","type":"post","link":"https:\/\/tucomarca.whitekongsoftware.com\/ca\/fotogaleria-xest-dona-la-benvinguda-al-nadal-amb-una-festa-infantil\/","title":{"rendered":"Fotogaleria: Xest d\u00f3na la benvinguda al Nadal amb una festa infantil"},"content":{"rendered":"\n<p class=\"wp-block-paragraph\">Dissabte passat, 14 de desembre, Xest va celebrar l&#8217;arribada del Nadal amb una festa infantil que va reunir desenes de fam\u00edlies a la pla\u00e7a Doctor Cajal.<br>Des de les deu del mat\u00ed Pare Noel va traslladar l&#8217;acollidor sal\u00f3 de casa a la pla\u00e7a, on va rebre les cartes que els nens i les nenes li havien escrit en un taller contigu a c\u00e0rrec de dos elfs amics. Els petits i les petites tamb\u00e9 van pintar unes boles nadalenques en les que van escriure els seus desitjos per a aquestes festes i que van penjar al voltant de l&#8217;arbre que adorna el centre de la pla\u00e7a.<br>&#8220;La festa d&#8217;avui \u00e9s per donar-li la benvinguda al Nadal, en qu\u00e8 crec que els protagonistes s\u00f3n els nens i les nenes, per aix\u00f2 en aquestes dates hi ha una demanda d&#8217;activitats infantils i familiars, ja que ells i elles s\u00f3n els que m\u00e9s les gaudeixen &#8220;, assenyalava el regidor de Festes, Ra\u00fal Mota.&#8221; Ja hi ha tota la poblaci\u00f3 decorada i amb els llums i les activitats nadalenques continuen amb la Sant Silvestre i amb la Festa de Cap d&#8217;Any &#8220;.<br>A m\u00e9s, a les dotze va comen\u00e7ar un espectacle a c\u00e0rrec de dos artistes de la companyia La Finestra Nou Circ que van explicar una divertida hist\u00f2ria d&#8217;amor a trav\u00e9s de el teatre, el mim, la dansa i el circ i van arrencar rialles i expressions d&#8217;admiraci\u00f3 entre el p\u00fablic .<\/p>\n\n\n\n<ul class=\"wp-block-gallery columns-2 is-cropped wp-block-gallery-1 is-layout-flex wp-block-gallery-is-layout-flex\"><li class=\"blocks-gallery-item\"><figure><img loading=\"lazy\" decoding=\"async\" width=\"787\" height=\"525\" src=\"http:\/\/www.tucomarca.com\/wordpress\/segunda\/wp-content\/uploads\/2019\/12\/Cheste_Nadal02.jpg\" alt=\"\" data-id=\"97469\" data-link=\"http:\/\/www.tucomarca.com\/wordpress\/segunda\/?attachment_id=97469\" class=\"wp-image-97469\" srcset=\"https:\/\/tucomarca.whitekongsoftware.com\/wp-content\/uploads\/2019\/12\/Cheste_Nadal02.jpg 787w, https:\/\/tucomarca.whitekongsoftware.com\/wp-content\/uploads\/2019\/12\/Cheste_Nadal02-300x200.jpg 300w, https:\/\/tucomarca.whitekongsoftware.com\/wp-content\/uploads\/2019\/12\/Cheste_Nadal02-768x512.jpg 768w\" sizes=\"auto, (max-width: 787px) 100vw, 787px\" \/><\/figure><\/li><li class=\"blocks-gallery-item\"><figure><img loading=\"lazy\" decoding=\"async\" width=\"787\" height=\"525\" src=\"http:\/\/www.tucomarca.com\/wordpress\/segunda\/wp-content\/uploads\/2019\/12\/Cheste_Nadal03.jpg\" alt=\"\" data-id=\"97471\" data-link=\"http:\/\/www.tucomarca.com\/wordpress\/segunda\/?attachment_id=97471\" class=\"wp-image-97471\" srcset=\"https:\/\/tucomarca.whitekongsoftware.com\/wp-content\/uploads\/2019\/12\/Cheste_Nadal03.jpg 787w, https:\/\/tucomarca.whitekongsoftware.com\/wp-content\/uploads\/2019\/12\/Cheste_Nadal03-300x200.jpg 300w, https:\/\/tucomarca.whitekongsoftware.com\/wp-content\/uploads\/2019\/12\/Cheste_Nadal03-768x512.jpg 768w\" sizes=\"auto, (max-width: 787px) 100vw, 787px\" \/><\/figure><\/li><li class=\"blocks-gallery-item\"><figure><img loading=\"lazy\" decoding=\"async\" width=\"787\" height=\"525\" src=\"http:\/\/www.tucomarca.com\/wordpress\/segunda\/wp-content\/uploads\/2019\/12\/Cheste_Nadal04.jpg\" alt=\"\" data-id=\"97473\" data-link=\"http:\/\/www.tucomarca.com\/wordpress\/segunda\/?attachment_id=97473\" class=\"wp-image-97473\" srcset=\"https:\/\/tucomarca.whitekongsoftware.com\/wp-content\/uploads\/2019\/12\/Cheste_Nadal04.jpg 787w, https:\/\/tucomarca.whitekongsoftware.com\/wp-content\/uploads\/2019\/12\/Cheste_Nadal04-300x200.jpg 300w, https:\/\/tucomarca.whitekongsoftware.com\/wp-content\/uploads\/2019\/12\/Cheste_Nadal04-768x512.jpg 768w\" sizes=\"auto, (max-width: 787px) 100vw, 787px\" \/><\/figure><\/li><li class=\"blocks-gallery-item\"><figure><img loading=\"lazy\" decoding=\"async\" width=\"787\" height=\"525\" src=\"http:\/\/www.tucomarca.com\/wordpress\/segunda\/wp-content\/uploads\/2019\/12\/Cheste_Nadal05.jpg\" alt=\"\" data-id=\"97475\" data-link=\"http:\/\/www.tucomarca.com\/wordpress\/segunda\/?attachment_id=97475\" class=\"wp-image-97475\" srcset=\"https:\/\/tucomarca.whitekongsoftware.com\/wp-content\/uploads\/2019\/12\/Cheste_Nadal05.jpg 787w, https:\/\/tucomarca.whitekongsoftware.com\/wp-content\/uploads\/2019\/12\/Cheste_Nadal05-300x200.jpg 300w, https:\/\/tucomarca.whitekongsoftware.com\/wp-content\/uploads\/2019\/12\/Cheste_Nadal05-768x512.jpg 768w\" sizes=\"auto, (max-width: 787px) 100vw, 787px\" \/><\/figure><\/li><li class=\"blocks-gallery-item\"><figure><img loading=\"lazy\" decoding=\"async\" width=\"787\" height=\"525\" src=\"http:\/\/www.tucomarca.com\/wordpress\/segunda\/wp-content\/uploads\/2019\/12\/Cheste_Nadal06.jpg\" alt=\"\" data-id=\"97477\" data-link=\"http:\/\/www.tucomarca.com\/wordpress\/segunda\/?attachment_id=97477\" class=\"wp-image-97477\" srcset=\"https:\/\/tucomarca.whitekongsoftware.com\/wp-content\/uploads\/2019\/12\/Cheste_Nadal06.jpg 787w, https:\/\/tucomarca.whitekongsoftware.com\/wp-content\/uploads\/2019\/12\/Cheste_Nadal06-300x200.jpg 300w, https:\/\/tucomarca.whitekongsoftware.com\/wp-content\/uploads\/2019\/12\/Cheste_Nadal06-768x512.jpg 768w\" sizes=\"auto, (max-width: 787px) 100vw, 787px\" \/><\/figure><\/li><\/ul>\n","protected":false},"excerpt":{"rendered":"<div class=\"mh-excerpt\">Dissabte passat, 14 de desembre, Xest va celebrar l&#8217;arribada del Nadal amb una festa infantil que va reunir desenes de fam\u00edlies a la pla\u00e7a Doctor Cajal.Des de les deu del mat\u00ed Pare Noel va traslladar <a class=\"mh-excerpt-more\" href=\"https:\/\/tucomarca.whitekongsoftware.com\/ca\/fotogaleria-xest-dona-la-benvinguda-al-nadal-amb-una-festa-infantil\/\" title=\"Fotogaleria: Xest d\u00f3na la benvinguda al Nadal amb una festa infantil\">[+] <\/a><\/div>\n","protected":false},"author":12,"featured_media":97468,"comment_status":"open","ping_status":"open","sticky":false,"template":"","format":"standard","meta":{"footnotes":""},"categories":[10912,11004,11008,10896,10974],"tags":[11071],"class_list":["post-97480","post","type-post","status-publish","format-standard","has-post-thumbnail","category-la-hoya-ca","category-la-semana-en-imagenes-ca","category-pueblos-en-fiestas-ca","category-seccion-ca","category-cheste-ca","tag-cheste"],"_links":{"self":[{"href":"https:\/\/tucomarca.whitekongsoftware.com\/ca\/wp-json\/wp\/v2\/posts\/97480","targetHints":{"allow":["GET"]}}],"collection":[{"href":"https:\/\/tucomarca.whitekongsoftware.com\/ca\/wp-json\/wp\/v2\/posts"}],"about":[{"href":"https:\/\/tucomarca.whitekongsoftware.com\/ca\/wp-json\/wp\/v2\/types\/post"}],"author":[{"embeddable":true,"href":"https:\/\/tucomarca.whitekongsoftware.com\/ca\/wp-json\/wp\/v2\/users\/12"}],"replies":[{"embeddable":true,"href":"https:\/\/tucomarca.whitekongsoftware.com\/ca\/wp-json\/wp\/v2\/comments?post=97480"}],"version-history":[{"count":0,"href":"https:\/\/tucomarca.whitekongsoftware.com\/ca\/wp-json\/wp\/v2\/posts\/97480\/revisions"}],"wp:featuredmedia":[{"embeddable":true,"href":"https:\/\/tucomarca.whitekongsoftware.com\/ca\/wp-json\/wp\/v2\/media\/97468"}],"wp:attachment":[{"href":"https:\/\/tucomarca.whitekongsoftware.com\/ca\/wp-json\/wp\/v2\/media?parent=97480"}],"wp:term":[{"taxonomy":"category","embeddable":true,"href":"https:\/\/tucomarca.whitekongsoftware.com\/ca\/wp-json\/wp\/v2\/categories?post=97480"},{"taxonomy":"post_tag","embeddable":true,"href":"https:\/\/tucomarca.whitekongsoftware.com\/ca\/wp-json\/wp\/v2\/tags?post=97480"}],"curies":[{"name":"wp","href":"https:\/\/api.w.org\/{rel}","templated":true}]}}