{"id":97330,"date":"2019-12-12T22:02:59","date_gmt":"2019-12-12T20:02:59","guid":{"rendered":"http:\/\/www.tucomarca.com\/wordpress\/segunda\/?p=97330"},"modified":"2019-12-12T22:03:08","modified_gmt":"2019-12-12T20:03:08","slug":"javier-montero-pp-els-alcaldes-de-lpsoe-i-compromis-de-la-linia-c-3-de-rodalies-porten-any-i-mig-amagats","status":"publish","type":"post","link":"https:\/\/tucomarca.whitekongsoftware.com\/ca\/javier-montero-pp-els-alcaldes-de-lpsoe-i-compromis-de-la-linia-c-3-de-rodalies-porten-any-i-mig-amagats\/","title":{"rendered":"Javier Montero (PP): &#8220;els alcaldes de l&#8217;PSOE i Comprom\u00eds de la l\u00ednia C-3 de rodalies porten any i mig amagats&#8221;"},"content":{"rendered":"\n<p class=\"wp-block-paragraph\">El diputat provincial de el Partit Popular Javier Montero, ha demanat a PSPV-PSOE i Comprom\u00eds &#8220;que incloguin a l&#8217;agenda de negociaci\u00f3 de el nou Govern d&#8217;Espanya la inversi\u00f3 imprescindible que necessita la l\u00ednia de Rodalies C-3 Val\u00e8ncia &#8211; Utiel, no nom\u00e9s en infraestructures , tamb\u00e9 en mitjans humans per a una correcta gesti\u00f3 &#8220;.<br><\/p>\n\n\n\n<p class=\"wp-block-paragraph\">Montero ha recordat que de el Pla de Rodalies presentat el 2017 i que preveia 1436000000 d&#8217;euros d&#8217;inversi\u00f3 a la Comunitat Valenciana, nom\u00e9s s&#8217;han invertit 72,3 milions &#8220;i no \u00e9s excusa ni justificaci\u00f3 el que hi hagi un Govern en funcions, hi ha 130.000 ve\u00efns de nou municipis pels quals circula la l\u00ednia que tenen un mal servei i en any i mig de Govern socialista no han rebut ni una sola bona not\u00edcia &#8220;.<\/p>\n\n\n\n<p class=\"wp-block-paragraph\">Javier Montero s&#8217;ha preguntat &#8220;on porten amagats aquest \u00faltim any i mig els alcaldes socialistes i de Comprom\u00eds que van signar la Declaraci\u00f3 de Xirivella en 2015, encap\u00e7alats per M\u00edchel Montaner, perqu\u00e8 va ser arribar Pedro S\u00e1nchez a la Moncloa i desapar\u00e8ixer la seva reivindicaci\u00f3, ni una mobilitzaci\u00f3 , ni una acci\u00f3, demostrant que el seu comprom\u00eds est\u00e0 amb el seu partit i no amb els ve\u00efns als quals haurien de representar &#8220;.<\/p>\n\n\n\n<p class=\"wp-block-paragraph\">La l\u00ednia Val\u00e8ncia &#8211; Utiel t\u00e9 estaci\u00f3 en els municipis d&#8217;Aldaia, Xirivella, Loriguilla, Xest, Xiva, Bunyol, Setaig\u00fces, Requena i Utiel. En el Pla de Rodalies presentat el 2017 s&#8217;inclo\u00efa la renovaci\u00f3, duplicaci\u00f3 de la via i electrificaci\u00f3 de Val\u00e8ncia a Bunyol, i la renovaci\u00f3 i electrificaci\u00f3 de Bunyol a Utiel. La primera, entre Val\u00e8ncia i Bunyol &#8220;compta amb la redacci\u00f3 d&#8217;un projecte de qu\u00e8 no hem sabut res en l&#8217;\u00faltim any, el projecte existeix per\u00f2 res m\u00e9s se sap&#8221;, ha assegurat Montero.<\/p>\n\n\n\n<p class=\"wp-block-paragraph\">El problema no nom\u00e9s \u00e9s d&#8217;inversi\u00f3 en infraestructures, tamb\u00e9 de gesti\u00f3 dels recursos amb qu\u00e8 es compta. No hi ha maquinistes suficients, no surten places per cobrir les necessitats, i aix\u00f2 unit a una deficient gesti\u00f3 fa que es multipliquin els incidents. &#8220;Des de l&#8217;1 a el 10 de desembre s&#8217;han susp\u00e8s 4 trens a la l\u00ednia i 3 m\u00e9s han patit importants retards, segons les dades de la pr\u00f2pia Renfe, i no \u00e9s la setmana amb m\u00e9s incidents perqu\u00e8 s&#8217;ha arribat a suspendre trens amb passatgers a punt de pujar perqu\u00e8 no hi havia maquinista &#8220;, ha assegurat Javier Montero.<\/p>\n\n\n\n<p class=\"wp-block-paragraph\">El diputat de el PP s&#8217;ha reunit amb regidors d&#8217;Utiel, Requena i Camporrobles, Roc\u00edo Gim\u00e9nez, Javier Berasaluce i Ernesto Fern\u00e1ndez respectivament, per treballar propostes en com\u00fa sobre la l\u00ednia, com recuperar una de les reivindicacions i \u00e9s que s&#8217;ampli\u00ef la l\u00ednia de Rodalies fins Camporrobles per donar un millor servei.<\/p>\n\n\n\n<p class=\"wp-block-paragraph\">La l\u00ednia C-3 \u00e9s de les poques que queden sense electrificar, amb trens que superen els 40 anys de vida i que presenten nombroses defici\u00e8ncies, sense comptar que un trajecte entre Utiel i Val\u00e8ncia supera les 2 hores de viatge en tren, quan no passa de 50 minuts amb cotxe, per exemple.<\/p>\n\n\n\n<p class=\"wp-block-paragraph\">Javier Montero ha mantingut contactes amb la Plataforma d&#8217;Usuaris Indignats amb Renfe, concretament amb el seu responsable, Samuel S\u00e1nchez, qui li ha traslladat els principals problemes de les diferents l\u00ednies de rodalies i han fixat properes trobades per treballar i donar suport a les reivindicacions dels usuaris.<\/p>\n","protected":false},"excerpt":{"rendered":"<div class=\"mh-excerpt\">El diputat provincial de el Partit Popular Javier Montero, ha demanat a PSPV-PSOE i Comprom\u00eds &#8220;que incloguin a l&#8217;agenda de negociaci\u00f3 de el nou Govern d&#8217;Espanya la inversi\u00f3 imprescindible que necessita la l\u00ednia de Rodalies <a class=\"mh-excerpt-more\" href=\"https:\/\/tucomarca.whitekongsoftware.com\/ca\/javier-montero-pp-els-alcaldes-de-lpsoe-i-compromis-de-la-linia-c-3-de-rodalies-porten-any-i-mig-amagats\/\" title=\"Javier Montero (PP): &#8220;els alcaldes de l&#8217;PSOE i Comprom\u00eds de la l\u00ednia C-3 de rodalies porten any i mig amagats&#8221;\">[+] <\/a><\/div>\n","protected":false},"author":1,"featured_media":97328,"comment_status":"open","ping_status":"open","sticky":false,"template":"","format":"standard","meta":{"footnotes":""},"categories":[10911,10892,10898,10948,10894,10904,10912,10931,10947,10908,10909,10896,10979,11059,10974,10975],"tags":[10395,5952,10387],"class_list":["post-97330","post","type-post","status-publish","format-standard","has-post-thumbnail","category-bunol-ca","category-camp-de-turia-ca","category-ventana-ca","category-infraestructuras-ca","category-la-comarca-ca","category-sin-categorizar-ca","category-la-hoya-ca","category-loriguilla-ca","category-politica","category-requena-ca","category-requena-utiel-ca","category-seccion-ca","category-siete-aguas-ca","category-utiel-ca","category-cheste-ca","category-chiva-ca","tag-camp-de-turia","tag-la-hoya-de-bunol-chiva","tag-requena-utiel"],"_links":{"self":[{"href":"https:\/\/tucomarca.whitekongsoftware.com\/ca\/wp-json\/wp\/v2\/posts\/97330","targetHints":{"allow":["GET"]}}],"collection":[{"href":"https:\/\/tucomarca.whitekongsoftware.com\/ca\/wp-json\/wp\/v2\/posts"}],"about":[{"href":"https:\/\/tucomarca.whitekongsoftware.com\/ca\/wp-json\/wp\/v2\/types\/post"}],"author":[{"embeddable":true,"href":"https:\/\/tucomarca.whitekongsoftware.com\/ca\/wp-json\/wp\/v2\/users\/1"}],"replies":[{"embeddable":true,"href":"https:\/\/tucomarca.whitekongsoftware.com\/ca\/wp-json\/wp\/v2\/comments?post=97330"}],"version-history":[{"count":0,"href":"https:\/\/tucomarca.whitekongsoftware.com\/ca\/wp-json\/wp\/v2\/posts\/97330\/revisions"}],"wp:featuredmedia":[{"embeddable":true,"href":"https:\/\/tucomarca.whitekongsoftware.com\/ca\/wp-json\/wp\/v2\/media\/97328"}],"wp:attachment":[{"href":"https:\/\/tucomarca.whitekongsoftware.com\/ca\/wp-json\/wp\/v2\/media?parent=97330"}],"wp:term":[{"taxonomy":"category","embeddable":true,"href":"https:\/\/tucomarca.whitekongsoftware.com\/ca\/wp-json\/wp\/v2\/categories?post=97330"},{"taxonomy":"post_tag","embeddable":true,"href":"https:\/\/tucomarca.whitekongsoftware.com\/ca\/wp-json\/wp\/v2\/tags?post=97330"}],"curies":[{"name":"wp","href":"https:\/\/api.w.org\/{rel}","templated":true}]}}